{"id":28803,"date":"2025-05-14T20:14:43","date_gmt":"2025-05-14T17:14:43","guid":{"rendered":"https:\/\/www.egemtv.com\/?p=28803"},"modified":"2025-05-14T20:14:48","modified_gmt":"2025-05-14T17:14:48","slug":"takla-atan-otomobildeki-5-kisi-yaralandi","status":"publish","type":"post","link":"https:\/\/www.egemtv.com\/?p=28803","title":{"rendered":"Takla atan otomobildeki 5 ki\u015fi yaraland\u0131"},"content":{"rendered":"<p>Ayd\u0131n\u2019\u0131n S\u00f6ke il\u00e7esinde takla atan otomobildeki be\u015f ki\u015fi yaraland\u0131.<\/p>\n<p>Kaza, S\u00f6ke-Ku\u015fadas\u0131 yolu \u00fczeri \u0130smet \u0130n\u00f6n\u00fc Caddesi G\u00fcvenalgaz Kav\u015fa\u011f\u0131\u2019nda meydana geldi. Edinilen bilgiye g\u00f6re, 34 NU 0797 plakal\u0131 ara\u00e7 s\u00fcr\u00fcc\u00fcs\u00fcn\u00fcn direksiyon hakimiyetini kaybetmesi \u00fczerine ref\u00fcje \u00e7arp\u0131p takla att\u0131. Kaza ihbar\u0131 \u00fczerine olay yerine emniyet, ambulans ve itfaiye ekipleri sevk edildi. Kazada yaralanan be\u015f ki\u015fi ambulanslarla hastaneye kald\u0131r\u0131ld\u0131.<br \/>\n<br \/>Kazayla ilgili soru\u015fturma s\u00fcr\u00fcyor.<br \/><\/p>\n","protected":false},"excerpt":{"rendered":"<p>Ayd\u0131n\u2019\u0131n S\u00f6ke il\u00e7esinde takla atan otomobildeki be\u015f ki\u015fi yaraland\u0131. Kaza, S\u00f6ke-Ku\u015fadas\u0131 yolu \u00fczeri \u0130smet \u0130n\u00f6n\u00fc Caddesi G\u00fcvenalgaz Kav\u015fa\u011f\u0131\u2019nda meydana geldi. Edinilen bilgiye g\u00f6re, 34 NU 0797 plakal\u0131 ara\u00e7 s\u00fcr\u00fcc\u00fcs\u00fcn\u00fcn direksiyon hakimiyetini kaybetmesi \u00fczerine ref\u00fcje \u00e7arp\u0131p takla att\u0131. Kaza ihbar\u0131 \u00fczerine olay yerine emniyet, ambulans ve itfaiye ekipleri sevk edildi. Kazada yaralanan be\u015f ki\u015fi ambulanslarla hastaneye&#8230;<\/p>\n","protected":false},"author":1,"featured_media":28804,"comment_status":"open","ping_status":"open","sticky":false,"template":"","format":"standard","meta":{"_crdt_document":"","footnotes":""},"categories":[5],"tags":[],"class_list":["post-28803","post","type-post","status-publish","format-standard","has-post-thumbnail","hentry","category-asayis"],"_links":{"self":[{"href":"https:\/\/www.egemtv.com\/index.php?rest_route=\/wp\/v2\/posts\/28803","targetHints":{"allow":["GET"]}}],"collection":[{"href":"https:\/\/www.egemtv.com\/index.php?rest_route=\/wp\/v2\/posts"}],"about":[{"href":"https:\/\/www.egemtv.com\/index.php?rest_route=\/wp\/v2\/types\/post"}],"author":[{"embeddable":true,"href":"https:\/\/www.egemtv.com\/index.php?rest_route=\/wp\/v2\/users\/1"}],"replies":[{"embeddable":true,"href":"https:\/\/www.egemtv.com\/index.php?rest_route=%2Fwp%2Fv2%2Fcomments&post=28803"}],"version-history":[{"count":1,"href":"https:\/\/www.egemtv.com\/index.php?rest_route=\/wp\/v2\/posts\/28803\/revisions"}],"predecessor-version":[{"id":28805,"href":"https:\/\/www.egemtv.com\/index.php?rest_route=\/wp\/v2\/posts\/28803\/revisions\/28805"}],"wp:featuredmedia":[{"embeddable":true,"href":"https:\/\/www.egemtv.com\/index.php?rest_route=\/wp\/v2\/media\/28804"}],"wp:attachment":[{"href":"https:\/\/www.egemtv.com\/index.php?rest_route=%2Fwp%2Fv2%2Fmedia&parent=28803"}],"wp:term":[{"taxonomy":"category","embeddable":true,"href":"https:\/\/www.egemtv.com\/index.php?rest_route=%2Fwp%2Fv2%2Fcategories&post=28803"},{"taxonomy":"post_tag","embeddable":true,"href":"https:\/\/www.egemtv.com\/index.php?rest_route=%2Fwp%2Fv2%2Ftags&post=28803"}],"curies":[{"name":"wp","href":"https:\/\/api.w.org\/{rel}","templated":true}]}}