{"id":28800,"date":"2025-05-14T19:16:34","date_gmt":"2025-05-14T16:16:34","guid":{"rendered":"https:\/\/www.egemtv.com\/?p=28800"},"modified":"2025-05-14T19:16:39","modified_gmt":"2025-05-14T16:16:39","slug":"somanin-gozyaslari-selalesi-acildi","status":"publish","type":"post","link":"https:\/\/www.egemtv.com\/?p=28800","title":{"rendered":"Soma\u2019n\u0131n G\u00f6zya\u015flar\u0131 \u015eelalesi a\u00e7\u0131ld\u0131"},"content":{"rendered":"<p>Soma maden facias\u0131n\u0131n 11. y\u0131l\u0131nda Soma Rehabilitasyon Aile Sa\u011fl\u0131k ve Bak\u0131m Merkezi bah\u00e7esinde, \u2019Soma\u2019n\u0131n G\u00f6zya\u015flar\u0131 \u015eelalesi\u2019nin a\u00e7\u0131l\u0131\u015f\u0131 ger\u00e7ekle\u015ftirildi. A\u00e7\u0131l\u0131\u015f, duygu dolu anlara sahne oldu.<br \/>\n<br \/>Yakla\u015f\u0131k 4 y\u0131l \u00f6nce ba\u015flat\u0131lan huzurevi bah\u00e7e d\u00fczenlemesi kapsam\u0131nda, \u0130lim I\u015f\u0131kt\u0131r Da\u011f\u0131 ete\u011fine in\u015fa edilen &#8220;Soma\u2019n\u0131n G\u00f6zya\u015flar\u0131 \u015eelalesi&#8221;, maden facias\u0131nda hayat\u0131n\u0131 kaybeden madenciler an\u0131s\u0131na kalabal\u0131k bir kat\u0131l\u0131m ve protokol\u00fcn i\u015ftirakiyle a\u00e7\u0131ld\u0131. A\u00e7\u0131l\u0131\u015f t\u00f6reni, hem sevin\u00e7 hem de h\u00fcz\u00fcn dolu anlara sahne oldu.<br \/>\n<br \/>\u015eelale \u00e7al\u0131\u015fmas\u0131nda il\u00e7enin enerji birimlerine yer verilerek, madencilere ve ailelerine atfedilen anlaml\u0131 bir kompozisyon olu\u015fturuldu. A\u00e7\u0131l\u0131\u015fta konu\u015fan kurum m\u00fcd\u00fcr\u00fc Mustafa \u00d6zt\u00fcrk, &#8220;Bu \u015felalenin yap\u0131m\u0131nda \u00f6zel bireylerimiz ve personelimiz b\u00fcy\u00fck bir \u00f6zveri ve heyecanla g\u00f6rev ald\u0131. Bu durum, esere ayr\u0131 bir anlam kazand\u0131rd\u0131.&#8221; dedi.<br \/>\n<br \/>\u00d6zt\u00fcrk, \u015felalenin yap\u0131m\u0131nda eme\u011fi ge\u00e7en ba\u015fta Soma Kaymakaml\u0131\u011f\u0131 olmak \u00fczere b\u00fct\u00fcn kurum ve kurulu\u015flara te\u015fekk\u00fcr ederek plaket takdim etti.<br \/>\n<br \/>A\u00e7\u0131l\u0131\u015f kokteyli sonras\u0131 m\u00fczik e\u015fli\u011finde sunulan resital b\u00fcy\u00fck be\u011feni toplad\u0131. Manisa Sosyal Hizmetler \u0130l M\u00fcd\u00fcr\u00fc Mustafa K\u0131l\u0131\u00e7, Kurum M\u00fcfetti\u015fi Ali Mecidiye, Soma SOSEV Vak\u0131f Ba\u015fkan\u0131 Mustafa Bayraktar ve Kurum M\u00fcd\u00fcr\u00fc Mustafa \u00d6zt\u00fcrk, birlikte \u015felalenin a\u00e7\u0131l\u0131\u015f kurdelesini kesti.<br \/>\n<br \/>A\u00e7\u0131l\u0131\u015f\u0131n ard\u0131ndan \u015felalenin Soma\u2019ya ku\u015f bak\u0131\u015f\u0131 g\u00f6r\u00fcn\u00fcm\u00fc b\u00fcy\u00fck be\u011feni toplad\u0131. Konuklar alk\u0131\u015flar e\u015fli\u011finde hat\u0131ra foto\u011fraflar\u0131 \u00e7ektirerek kurum \u00e7al\u0131\u015fanlar\u0131na g\u00f6sterdikleri ilgi ve misafirperverlik i\u00e7in te\u015fekk\u00fcr etti.<br \/><\/p>\n","protected":false},"excerpt":{"rendered":"<p>Soma maden facias\u0131n\u0131n 11. y\u0131l\u0131nda Soma Rehabilitasyon Aile Sa\u011fl\u0131k ve Bak\u0131m Merkezi bah\u00e7esinde, \u2019Soma\u2019n\u0131n G\u00f6zya\u015flar\u0131 \u015eelalesi\u2019nin a\u00e7\u0131l\u0131\u015f\u0131 ger\u00e7ekle\u015ftirildi. A\u00e7\u0131l\u0131\u015f, duygu dolu anlara sahne oldu. Yakla\u015f\u0131k 4 y\u0131l \u00f6nce ba\u015flat\u0131lan huzurevi bah\u00e7e d\u00fczenlemesi kapsam\u0131nda, \u0130lim I\u015f\u0131kt\u0131r Da\u011f\u0131 ete\u011fine in\u015fa edilen &#8220;Soma\u2019n\u0131n G\u00f6zya\u015flar\u0131 \u015eelalesi&#8221;, maden facias\u0131nda hayat\u0131n\u0131 kaybeden madenciler an\u0131s\u0131na kalabal\u0131k bir kat\u0131l\u0131m ve protokol\u00fcn i\u015ftirakiyle a\u00e7\u0131ld\u0131&#8230;.<\/p>\n","protected":false},"author":1,"featured_media":28801,"comment_status":"open","ping_status":"open","sticky":false,"template":"","format":"standard","meta":{"_crdt_document":"","footnotes":""},"categories":[1],"tags":[],"class_list":["post-28800","post","type-post","status-publish","format-standard","has-post-thumbnail","hentry","category-guncel"],"_links":{"self":[{"href":"https:\/\/www.egemtv.com\/index.php?rest_route=\/wp\/v2\/posts\/28800","targetHints":{"allow":["GET"]}}],"collection":[{"href":"https:\/\/www.egemtv.com\/index.php?rest_route=\/wp\/v2\/posts"}],"about":[{"href":"https:\/\/www.egemtv.com\/index.php?rest_route=\/wp\/v2\/types\/post"}],"author":[{"embeddable":true,"href":"https:\/\/www.egemtv.com\/index.php?rest_route=\/wp\/v2\/users\/1"}],"replies":[{"embeddable":true,"href":"https:\/\/www.egemtv.com\/index.php?rest_route=%2Fwp%2Fv2%2Fcomments&post=28800"}],"version-history":[{"count":1,"href":"https:\/\/www.egemtv.com\/index.php?rest_route=\/wp\/v2\/posts\/28800\/revisions"}],"predecessor-version":[{"id":28802,"href":"https:\/\/www.egemtv.com\/index.php?rest_route=\/wp\/v2\/posts\/28800\/revisions\/28802"}],"wp:featuredmedia":[{"embeddable":true,"href":"https:\/\/www.egemtv.com\/index.php?rest_route=\/wp\/v2\/media\/28801"}],"wp:attachment":[{"href":"https:\/\/www.egemtv.com\/index.php?rest_route=%2Fwp%2Fv2%2Fmedia&parent=28800"}],"wp:term":[{"taxonomy":"category","embeddable":true,"href":"https:\/\/www.egemtv.com\/index.php?rest_route=%2Fwp%2Fv2%2Fcategories&post=28800"},{"taxonomy":"post_tag","embeddable":true,"href":"https:\/\/www.egemtv.com\/index.php?rest_route=%2Fwp%2Fv2%2Ftags&post=28800"}],"curies":[{"name":"wp","href":"https:\/\/api.w.org\/{rel}","templated":true}]}}