{"id":28797,"date":"2025-05-14T19:16:30","date_gmt":"2025-05-14T16:16:30","guid":{"rendered":"https:\/\/www.egemtv.com\/?p=28797"},"modified":"2025-05-14T19:16:34","modified_gmt":"2025-05-14T16:16:34","slug":"kaymakam-kapankayadan-engelli-cifte-anlamli-ziyaret","status":"publish","type":"post","link":"https:\/\/www.egemtv.com\/?p=28797","title":{"rendered":"Kaymakam Kapankaya\u2019dan engelli \u00e7ifte anlaml\u0131 ziyaret"},"content":{"rendered":"<p>Turgutlu Kaymakam\u0131 Selami Kapankaya, 10-16 May\u0131s Engelliler Haftas\u0131 kapsam\u0131nda toplumda engelli bireyler konusunda fark\u0131ndal\u0131k olu\u015fturmak ve onlar\u0131n ya\u015fad\u0131\u011f\u0131 sorunlara dikkat \u00e7ekmek amac\u0131yla il\u00e7ede ya\u015fayan engelli vatanda\u015flardan bedensel engelli T\u00fclay ve Mehmet \u00c7etin \u00e7iftini evlerinde ziyaret etti.<br \/>\n<br \/>Ziyarette engelli birey ve ailesiyle yak\u0131ndan ilgilenen Kaymakam Kapankaya, s\u0131cak ve samimi bir ortamda sohbet ederek hem hal hat\u0131r sordu hem de taleplerini dinledi. Engelli bireylerin toplumsal hayata tam ve etkin kat\u0131l\u0131m\u0131n\u0131n \u00f6nemine de\u011finen Kaymakam Kapankaya, herkesin bir g\u00fcn engelli olabilece\u011fini hat\u0131rlatarak empati ve dayan\u0131\u015fma \u00e7a\u011fr\u0131s\u0131nda bulundu.<br \/>\n<br \/>Ziyaret s\u0131ras\u0131nda yapt\u0131\u011f\u0131 a\u00e7\u0131klamada Kaymakam Kapankaya \u015fu ifadelere yer verdi: &#8220;Her birey bir engelli aday\u0131d\u0131r. \u00d6nemli olan, sevgi ve sayg\u0131 ile inanc\u0131m\u0131z\u0131 kaybetmeden b\u00fct\u00fcn engelleri birlikte a\u015fabilmektir. Engelli bireylerin ya\u015fad\u0131\u011f\u0131 sorunlar\u0131 payla\u015fmak, onlarla birlikte \u00e7\u00f6z\u00fcm yollar\u0131 aramak hepimizin ortak g\u00f6revidir. Unutulmamal\u0131d\u0131r ki, as\u0131l engel sevgi eksikli\u011fidir. Bu nedenle toplumun her kesiminin engelli bireylerimize kar\u015f\u0131 daha duyarl\u0131, anlay\u0131\u015fl\u0131 ve destekleyici olmas\u0131 b\u00fcy\u00fck \u00f6nem ta\u015f\u0131maktad\u0131r.&#8221;<br \/>\n<br \/>Kapankaya, ayr\u0131ca 10-16 May\u0131s D\u00fcnya Engelliler Haftas\u0131\u2019n\u0131n bu konudaki bilin\u00e7 ve fark\u0131ndal\u0131\u011f\u0131n art\u0131r\u0131lmas\u0131 a\u00e7\u0131s\u0131ndan \u00f6nemli bir f\u0131rsat oldu\u011funu vurgulad\u0131. S\u00f6zlerini \u015fu temennilerle sonland\u0131rd\u0131: &#8220;Bu duygu ve d\u00fc\u015f\u00fcncelerle, Engelliler Haftas\u0131\u2019n\u0131n toplum genelinde fark\u0131ndal\u0131k olu\u015fturmas\u0131na vesile olmas\u0131n\u0131 temenni ediyorum. Engelli vatanda\u015flar\u0131m\u0131za ve k\u0131ymetli ailelerine sa\u011fl\u0131k, huzur ve mutluluk diliyor, g\u00fcnl\u00fck ya\u015famlar\u0131nda kar\u015f\u0131la\u015ft\u0131klar\u0131 zorluklar\u0131n hep birlikte dayan\u0131\u015fma i\u00e7inde a\u015f\u0131lmas\u0131n\u0131 temenni ediyorum. Sevgi ve sayg\u0131lar\u0131m\u0131 sunuyorum.&#8221;<br \/>\n<br \/>Ziyaret s\u0131ras\u0131nda Kaymakam Kapankaya\u2019ya, Sosyal Yard\u0131mla\u015fma ve Dayan\u0131\u015fma Vakf\u0131 yetkilileri ile ilgili kurum temsilcileri de e\u015flik etti. Ger\u00e7ekle\u015ftirilen ziyaret, engelli \u00c7etin \u00e7ifti taraf\u0131ndan memnuniyetle kar\u015f\u0131land\u0131.<br \/><\/p>\n","protected":false},"excerpt":{"rendered":"<p>Turgutlu Kaymakam\u0131 Selami Kapankaya, 10-16 May\u0131s Engelliler Haftas\u0131 kapsam\u0131nda toplumda engelli bireyler konusunda fark\u0131ndal\u0131k olu\u015fturmak ve onlar\u0131n ya\u015fad\u0131\u011f\u0131 sorunlara dikkat \u00e7ekmek amac\u0131yla il\u00e7ede ya\u015fayan engelli vatanda\u015flardan bedensel engelli T\u00fclay ve Mehmet \u00c7etin \u00e7iftini evlerinde ziyaret etti. Ziyarette engelli birey ve ailesiyle yak\u0131ndan ilgilenen Kaymakam Kapankaya, s\u0131cak ve samimi bir ortamda sohbet ederek hem hal hat\u0131r&#8230;<\/p>\n","protected":false},"author":1,"featured_media":28798,"comment_status":"open","ping_status":"open","sticky":false,"template":"","format":"standard","meta":{"_crdt_document":"","footnotes":""},"categories":[1],"tags":[],"class_list":["post-28797","post","type-post","status-publish","format-standard","has-post-thumbnail","hentry","category-guncel"],"_links":{"self":[{"href":"https:\/\/www.egemtv.com\/index.php?rest_route=\/wp\/v2\/posts\/28797","targetHints":{"allow":["GET"]}}],"collection":[{"href":"https:\/\/www.egemtv.com\/index.php?rest_route=\/wp\/v2\/posts"}],"about":[{"href":"https:\/\/www.egemtv.com\/index.php?rest_route=\/wp\/v2\/types\/post"}],"author":[{"embeddable":true,"href":"https:\/\/www.egemtv.com\/index.php?rest_route=\/wp\/v2\/users\/1"}],"replies":[{"embeddable":true,"href":"https:\/\/www.egemtv.com\/index.php?rest_route=%2Fwp%2Fv2%2Fcomments&post=28797"}],"version-history":[{"count":1,"href":"https:\/\/www.egemtv.com\/index.php?rest_route=\/wp\/v2\/posts\/28797\/revisions"}],"predecessor-version":[{"id":28799,"href":"https:\/\/www.egemtv.com\/index.php?rest_route=\/wp\/v2\/posts\/28797\/revisions\/28799"}],"wp:featuredmedia":[{"embeddable":true,"href":"https:\/\/www.egemtv.com\/index.php?rest_route=\/wp\/v2\/media\/28798"}],"wp:attachment":[{"href":"https:\/\/www.egemtv.com\/index.php?rest_route=%2Fwp%2Fv2%2Fmedia&parent=28797"}],"wp:term":[{"taxonomy":"category","embeddable":true,"href":"https:\/\/www.egemtv.com\/index.php?rest_route=%2Fwp%2Fv2%2Fcategories&post=28797"},{"taxonomy":"post_tag","embeddable":true,"href":"https:\/\/www.egemtv.com\/index.php?rest_route=%2Fwp%2Fv2%2Ftags&post=28797"}],"curies":[{"name":"wp","href":"https:\/\/api.w.org\/{rel}","templated":true}]}}