{"id":28794,"date":"2025-05-14T18:55:49","date_gmt":"2025-05-14T15:55:49","guid":{"rendered":"https:\/\/www.egemtv.com\/?p=28794"},"modified":"2025-05-14T18:55:54","modified_gmt":"2025-05-14T15:55:54","slug":"gelecegin-girisimcileri-girisimci-kutuphanesinde-bulustu","status":"publish","type":"post","link":"https:\/\/www.egemtv.com\/?p=28794","title":{"rendered":"Gelece\u011fin giri\u015fimcileri &#8220;Giri\u015fimci K\u00fct\u00fcphanesi&#8221;nde bulu\u015ftu"},"content":{"rendered":"<p>Burdur \u0130l Halk K\u00fct\u00fcphanesi, 14 May\u0131s 2025 tarihinde gen\u00e7 giri\u015fimcilere ev sahipli\u011fi yapt\u0131. Giri\u015fimci ve Y\u00f6neticiler Derne\u011fi (GYD) taraf\u0131ndan hayata ge\u00e7irilen &#8220;Giri\u015fimci K\u00fct\u00fcphanesi&#8221; projesi, Burdur\u2019daki ilk b\u00fcy\u00fck bulu\u015fmas\u0131n\u0131 yo\u011fun kat\u0131l\u0131mla ger\u00e7ekle\u015ftirdi.<br \/>\n<br \/>Burdur \u0130l K\u00fclt\u00fcr ve Turizm M\u00fcd\u00fcrl\u00fc\u011f\u00fc ile GYD i\u015f birli\u011finde d\u00fczenlenen etkinlikte i\u015f d\u00fcnyas\u0131n\u0131n \u00f6nde gelen isimleri gen\u00e7 giri\u015fimcilerle bir araya geldi. Giri\u015fimcilik ekosistemini geli\u015ftirmeyi hedefleyen program; ilham verici konu\u015fmalar, networking oturumlar\u0131 ve g\u00fcncel i\u015f d\u00fcnyas\u0131 trendlerine dair sunumlarla dikkat \u00e7ekti. Etkinli\u011fe kamu kurumlar\u0131, yerel y\u00f6neticiler, sivil toplum temsilcileri ve i\u015f d\u00fcnyas\u0131ndan \u00e7ok say\u0131da davetli kat\u0131ld\u0131. Kat\u0131l\u0131mc\u0131lara, giri\u015fimcilik destekleri ve te\u015fviklerine dair bilgilendirme sunumlar\u0131 yap\u0131ld\u0131.<br \/>\n<br \/>Greenada Y\u00f6netim Kurulu Ba\u015fkan\u0131 Mesut T\u00fcrk, etkinlikte kendi ba\u015far\u0131 hikayesini payla\u015farak gen\u00e7 giri\u015fimcilere rehberlik etti. T\u00fcrk, &#8220;Burdur\u2019da bu kadar nitelikli ve ilgili bir kitleyle bulu\u015fmak \u00e7ok de\u011ferliydi. Bu t\u00fcr etkinliklerin yerel ekonomiye ve giri\u015fimcilik k\u00fclt\u00fcr\u00fcne etkisi b\u00fcy\u00fck. GYD\u2019yi bu \u00f6nc\u00fc rol\u00fc \u00fcstlendi\u011fi i\u00e7in tebrik ediyorum&#8221; dedi.<br \/>\n<br \/>Etkinlik sonras\u0131 de\u011ferlendirmelerde bulunan GYD Y\u00f6netim Kurulu Ba\u015fkan\u0131 \u0130brahim An\u0131l Ta\u015fdemir, &#8220;GYD olarak misyonumuz, giri\u015fimcilik ekosistemini g\u00fc\u00e7lendirmek ve y\u00f6neticiler aras\u0131nda s\u00fcrd\u00fcr\u00fclebilir i\u015f ili\u015fkileri kurmak. Bu etkinlikle, sadece bug\u00fcn\u00fcn de\u011fil, gelece\u011fin i\u015f d\u00fcnyas\u0131n\u0131 da \u015fekillendirecek fikirlerin ortaya \u00e7\u0131kmas\u0131na vesile olduk&#8221; ifadelerini kulland\u0131.<br \/>\n<br \/>KOSGEB, BAKA ve Mehmet Akif Ersoy \u00dcniversitesi\u2019nden (MAK\u00dc) \u00fcst d\u00fczey yetkililer de etkinlikte gen\u00e7 giri\u015fimcilere y\u00f6nelik te\u015fvik programlar\u0131 hakk\u0131nda sunum ger\u00e7ekle\u015ftirdi.<\/p>\n<p>Giri\u015fimciler sahneye \u00e7\u0131kt\u0131<br \/>\n<br \/>Program\u0131n son b\u00f6l\u00fcm\u00fcnde ger\u00e7ekle\u015ftirilen &#8220;Etkile\u015fimli Giri\u015fimcilik At\u00f6lyesi&#8221;nde Burdurlu gen\u00e7 giri\u015fimciler, \u00f6zellikle tar\u0131m ve teknoloji alan\u0131ndaki projelerini masaya yat\u0131rd\u0131. GYD ment\u00f6rlerinin g\u00f6zetiminde d\u00fczenlenen &#8220;Sahne Senin&#8221; etkinli\u011finde, gen\u00e7ler projelerini j\u00fcriye sundu. G\u00fcn\u00fcn sonunda en iyi i\u015f fikirleri \u00f6d\u00fcllendirilerek giri\u015fimciler sahnede tebrik edildi.<br \/><\/p>\n","protected":false},"excerpt":{"rendered":"<p>Burdur \u0130l Halk K\u00fct\u00fcphanesi, 14 May\u0131s 2025 tarihinde gen\u00e7 giri\u015fimcilere ev sahipli\u011fi yapt\u0131. Giri\u015fimci ve Y\u00f6neticiler Derne\u011fi (GYD) taraf\u0131ndan hayata ge\u00e7irilen &#8220;Giri\u015fimci K\u00fct\u00fcphanesi&#8221; projesi, Burdur\u2019daki ilk b\u00fcy\u00fck bulu\u015fmas\u0131n\u0131 yo\u011fun kat\u0131l\u0131mla ger\u00e7ekle\u015ftirdi. Burdur \u0130l K\u00fclt\u00fcr ve Turizm M\u00fcd\u00fcrl\u00fc\u011f\u00fc ile GYD i\u015f birli\u011finde d\u00fczenlenen etkinlikte i\u015f d\u00fcnyas\u0131n\u0131n \u00f6nde gelen isimleri gen\u00e7 giri\u015fimcilerle bir araya geldi. Giri\u015fimcilik ekosistemini&#8230;<\/p>\n","protected":false},"author":1,"featured_media":28795,"comment_status":"open","ping_status":"open","sticky":false,"template":"","format":"standard","meta":{"_crdt_document":"","footnotes":""},"categories":[124],"tags":[],"class_list":["post-28794","post","type-post","status-publish","format-standard","has-post-thumbnail","hentry","category-bilim"],"_links":{"self":[{"href":"https:\/\/www.egemtv.com\/index.php?rest_route=\/wp\/v2\/posts\/28794","targetHints":{"allow":["GET"]}}],"collection":[{"href":"https:\/\/www.egemtv.com\/index.php?rest_route=\/wp\/v2\/posts"}],"about":[{"href":"https:\/\/www.egemtv.com\/index.php?rest_route=\/wp\/v2\/types\/post"}],"author":[{"embeddable":true,"href":"https:\/\/www.egemtv.com\/index.php?rest_route=\/wp\/v2\/users\/1"}],"replies":[{"embeddable":true,"href":"https:\/\/www.egemtv.com\/index.php?rest_route=%2Fwp%2Fv2%2Fcomments&post=28794"}],"version-history":[{"count":1,"href":"https:\/\/www.egemtv.com\/index.php?rest_route=\/wp\/v2\/posts\/28794\/revisions"}],"predecessor-version":[{"id":28796,"href":"https:\/\/www.egemtv.com\/index.php?rest_route=\/wp\/v2\/posts\/28794\/revisions\/28796"}],"wp:featuredmedia":[{"embeddable":true,"href":"https:\/\/www.egemtv.com\/index.php?rest_route=\/wp\/v2\/media\/28795"}],"wp:attachment":[{"href":"https:\/\/www.egemtv.com\/index.php?rest_route=%2Fwp%2Fv2%2Fmedia&parent=28794"}],"wp:term":[{"taxonomy":"category","embeddable":true,"href":"https:\/\/www.egemtv.com\/index.php?rest_route=%2Fwp%2Fv2%2Fcategories&post=28794"},{"taxonomy":"post_tag","embeddable":true,"href":"https:\/\/www.egemtv.com\/index.php?rest_route=%2Fwp%2Fv2%2Ftags&post=28794"}],"curies":[{"name":"wp","href":"https:\/\/api.w.org\/{rel}","templated":true}]}}