{"id":28791,"date":"2025-05-14T18:55:39","date_gmt":"2025-05-14T15:55:39","guid":{"rendered":"https:\/\/www.egemtv.com\/?p=28791"},"modified":"2025-05-14T18:55:49","modified_gmt":"2025-05-14T15:55:49","slug":"uyusturucu-ticareti-yapan-baba-ve-3-oglu-tutuklandi","status":"publish","type":"post","link":"https:\/\/www.egemtv.com\/?p=28791","title":{"rendered":"Uyu\u015fturucu ticareti yapan baba ve 3 o\u011flu tutukland\u0131"},"content":{"rendered":"<p>Ayd\u0131n\u2019\u0131n Nazilli il\u00e7esinde narkotik ekipleri taraf\u0131ndan uyu\u015fturucu madde ticareti yapt\u0131\u011f\u0131 tespit edilen baba ve 3 o\u011flu d\u00fczenlenen operasyonla yakaland\u0131. Adliyeye sevk edilen \u015f\u00fcpheliler tutuklanarak cezaevine g\u00f6nderildi.<br \/>\n<br \/>Ayd\u0131n\u2019da polis ekipleri uyu\u015fturucu madde kullan\u0131m\u0131 ve ticaretinin \u00f6nlenmesine y\u00f6nelik \u00e7al\u0131\u015fmalar\u0131n\u0131 aral\u0131ks\u0131z s\u00fcrd\u00fcr\u00fcyor. Edinilen bilgiye g\u00f6re, Nazilli Narkotik Su\u00e7larla M\u00fccadele B\u00fcro Amirli\u011fi ekipleri Kara\u00e7ay Mahallesi\u2019nde uyu\u015fturucu madde ticareti yapan baba ve 3 o\u011flunu takibe ald\u0131. Takip sonucu operasyon i\u00e7in d\u00fc\u011fmeye basan narkotik ekipleri d\u00fczenledikleri operasyon ile  baba S.B. (55) ve o\u011fullar\u0131 B.B. (26), M.B. (27) ve K.B. (17) k\u0131sk\u0131vrak yakaland\u0131. Evde yap\u0131lan aramalarda; sat\u0131\u015fa haz\u0131r hale getirilmi\u015f 400 gram esrar maddesi,  sentetik ecza, uyu\u015fturucu madde ticaretinde kullan\u0131lan hassas teraziler ile uyu\u015fturucu madde ticareti oldu\u011fu de\u011ferlendirilen y\u00fckl\u00fc miktarda para ele ge\u00e7irildi.<br \/>\n<br \/>G\u00f6zalt\u0131na al\u0131nan zehir taciri baba ve o\u011fullar\u0131 emniyetteki i\u015flemlerin ard\u0131ndan adliyeye sevk edildi. Adliyede haki kar\u015f\u0131s\u0131na \u00e7\u0131kart\u0131lan \u015f\u00fcpheliler tutuklanarak cezaevine g\u00f6nderilirken, yap\u0131lan operasyon kapsam\u0131nda 11 \u015fahsa da uyu\u015fturucu madde kullanmak su\u00e7undan adli i\u015flem yap\u0131ld\u0131\u011f\u0131 bilgisine ula\u015f\u0131ld\u0131.<br \/><\/p>\n","protected":false},"excerpt":{"rendered":"<p>Ayd\u0131n\u2019\u0131n Nazilli il\u00e7esinde narkotik ekipleri taraf\u0131ndan uyu\u015fturucu madde ticareti yapt\u0131\u011f\u0131 tespit edilen baba ve 3 o\u011flu d\u00fczenlenen operasyonla yakaland\u0131. Adliyeye sevk edilen \u015f\u00fcpheliler tutuklanarak cezaevine g\u00f6nderildi. Ayd\u0131n\u2019da polis ekipleri uyu\u015fturucu madde kullan\u0131m\u0131 ve ticaretinin \u00f6nlenmesine y\u00f6nelik \u00e7al\u0131\u015fmalar\u0131n\u0131 aral\u0131ks\u0131z s\u00fcrd\u00fcr\u00fcyor. Edinilen bilgiye g\u00f6re, Nazilli Narkotik Su\u00e7larla M\u00fccadele B\u00fcro Amirli\u011fi ekipleri Kara\u00e7ay Mahallesi\u2019nde uyu\u015fturucu madde ticareti yapan&#8230;<\/p>\n","protected":false},"author":1,"featured_media":28792,"comment_status":"open","ping_status":"open","sticky":false,"template":"","format":"standard","meta":{"_crdt_document":"","footnotes":""},"categories":[5],"tags":[],"class_list":["post-28791","post","type-post","status-publish","format-standard","has-post-thumbnail","hentry","category-asayis"],"_links":{"self":[{"href":"https:\/\/www.egemtv.com\/index.php?rest_route=\/wp\/v2\/posts\/28791","targetHints":{"allow":["GET"]}}],"collection":[{"href":"https:\/\/www.egemtv.com\/index.php?rest_route=\/wp\/v2\/posts"}],"about":[{"href":"https:\/\/www.egemtv.com\/index.php?rest_route=\/wp\/v2\/types\/post"}],"author":[{"embeddable":true,"href":"https:\/\/www.egemtv.com\/index.php?rest_route=\/wp\/v2\/users\/1"}],"replies":[{"embeddable":true,"href":"https:\/\/www.egemtv.com\/index.php?rest_route=%2Fwp%2Fv2%2Fcomments&post=28791"}],"version-history":[{"count":1,"href":"https:\/\/www.egemtv.com\/index.php?rest_route=\/wp\/v2\/posts\/28791\/revisions"}],"predecessor-version":[{"id":28793,"href":"https:\/\/www.egemtv.com\/index.php?rest_route=\/wp\/v2\/posts\/28791\/revisions\/28793"}],"wp:featuredmedia":[{"embeddable":true,"href":"https:\/\/www.egemtv.com\/index.php?rest_route=\/wp\/v2\/media\/28792"}],"wp:attachment":[{"href":"https:\/\/www.egemtv.com\/index.php?rest_route=%2Fwp%2Fv2%2Fmedia&parent=28791"}],"wp:term":[{"taxonomy":"category","embeddable":true,"href":"https:\/\/www.egemtv.com\/index.php?rest_route=%2Fwp%2Fv2%2Fcategories&post=28791"},{"taxonomy":"post_tag","embeddable":true,"href":"https:\/\/www.egemtv.com\/index.php?rest_route=%2Fwp%2Fv2%2Ftags&post=28791"}],"curies":[{"name":"wp","href":"https:\/\/api.w.org\/{rel}","templated":true}]}}