{"id":28788,"date":"2025-05-14T18:37:20","date_gmt":"2025-05-14T15:37:20","guid":{"rendered":"https:\/\/www.egemtv.com\/?p=28788"},"modified":"2025-05-14T18:37:24","modified_gmt":"2025-05-14T15:37:24","slug":"hemzemin-gecitteki-arizaya-mudahale-yontemi-sasirtti","status":"publish","type":"post","link":"https:\/\/www.egemtv.com\/?p=28788","title":{"rendered":"Hemzemin ge\u00e7itteki ar\u0131zaya m\u00fcdahale y\u00f6ntemi \u015fa\u015f\u0131rtt\u0131"},"content":{"rendered":"<p>Manisa\u2019n\u0131n \u015eehzadeler il\u00e7esine ba\u011fl\u0131 A\u015fa\u011f\u0131 \u00c7obanisa Mahallesi\u2019nde bulunan hemzemin ge\u00e7itte meydana gelen ar\u0131za, trafikte uzun s\u00fcreli aksamalara neden oldu. Olay yerine yakla\u015f\u0131k 40 dakika sonra ula\u015fan ar\u0131za ekibinin m\u00fcdahale \u015fekli ise hem \u015fa\u015fk\u0131nl\u0131\u011fa hem de endi\u015feye neden oldu.<br \/>\n<br \/>Edinilen bilgiye g\u00f6re, \u015eehzadeler il\u00e7esi A\u015fa\u011f\u0131 \u00c7obanisa Mahallesi Hamzabeyli \u00e7\u0131k\u0131\u015f\u0131nda bulunan hemzemin ge\u00e7it, tren ge\u00e7i\u015fi olmad\u0131\u011f\u0131 halde bariyerlerini indirerek uyar\u0131 sesi vermeye ba\u015flad\u0131. Yakla\u015f\u0131k 15 dakika boyunca trenin ge\u00e7mesini bekleyen s\u00fcr\u00fcc\u00fcler, mahalle sakinlerinin &#8220;Bu ge\u00e7itte s\u0131k s\u0131k ar\u0131za ya\u015fan\u0131yor&#8221; demesi \u00fczerine durumu TCDD\u2019ye ait 131 Ar\u0131za Hatt\u0131\u2019na bildirdi.<\/p>\n<p>Bariyeri ta\u015fla a\u00e7\u0131k tuttular<br \/>\n<br \/>Bariyerlerin kapanmas\u0131yla olu\u015fan uzun ara\u00e7 kuyru\u011fu nedeniyle baz\u0131 s\u00fcr\u00fcc\u00fcler risk alarak kapal\u0131 bariyerlerin aras\u0131ndan ge\u00e7ip yollar\u0131na devam ederken, yakla\u015f\u0131k 40 dakika sonra olay yerine gelen TCDD ar\u0131za ekibi, ellerindeki kablo ve cihazlarla ge\u00e7itte inceleme yapt\u0131. Ekip, \u00e7al\u0131\u015fmayan bariyerleri elle kald\u0131rd\u0131ktan sonra bariyerlerin havada sabit durmad\u0131\u011f\u0131n\u0131 fark etti. Bu duruma pratik bir \u00e7\u00f6z\u00fcm bulan ekip, alt\u0131na k\u00fc\u00e7\u00fck ta\u015f par\u00e7alar\u0131 koyarak bariyerin a\u00e7\u0131k kalmas\u0131n\u0131 sa\u011flad\u0131.<\/p>\n<p>Bir taraf kapal\u0131 bir taraf a\u00e7\u0131k kald\u0131<br \/>\n<br \/>Ar\u0131za ekibinin b\u00f6lgeden ayr\u0131lmas\u0131n\u0131n ard\u0131ndan yakla\u015f\u0131k 10 dakika sonra bir trenin ge\u00e7i\u015fi s\u0131ras\u0131nda hemzemin ge\u00e7idin yaln\u0131zca bir taraf\u0131ndaki bariyerin otomatik olarak kapan\u0131p, di\u011fer taraf\u0131n a\u00e7\u0131k kalmas\u0131 ise dikkat \u00e7ekti. Tren ge\u00e7tikten sonra kapanan bariyer otomatik olarak a\u00e7\u0131l\u0131rken, ta\u015fla sabitlenen di\u011fer bariyerin ayn\u0131 \u015fekilde a\u00e7\u0131k kald\u0131\u011f\u0131 g\u00f6r\u00fcld\u00fc.<br \/>\n<br \/>Ge\u00e7idin Hamzabeyli y\u00f6n\u00fcnden A\u015fa\u011f\u0131 \u00c7obanisa\u2019ya giri\u015f taraf\u0131n\u0131n otomatik \u00e7al\u0131\u015fmas\u0131, buna kar\u015f\u0131n \u00e7\u0131k\u0131\u015f y\u00f6n\u00fcn\u00fcn s\u00fcrekli a\u00e7\u0131k b\u0131rak\u0131lmas\u0131 olabilecek kazalara resmen davetiye \u00e7\u0131kartt\u0131.<br \/>\n<br \/>Mahalle sakinleri, ge\u00e7itte s\u00fcrekli ar\u0131za ya\u015fand\u0131\u011f\u0131n\u0131 belirterek yetkililerin bu duruma kal\u0131c\u0131 bir \u00e7\u00f6z\u00fcm bulmas\u0131n\u0131 istedi.<br \/><\/p>\n","protected":false},"excerpt":{"rendered":"<p>Manisa\u2019n\u0131n \u015eehzadeler il\u00e7esine ba\u011fl\u0131 A\u015fa\u011f\u0131 \u00c7obanisa Mahallesi\u2019nde bulunan hemzemin ge\u00e7itte meydana gelen ar\u0131za, trafikte uzun s\u00fcreli aksamalara neden oldu. Olay yerine yakla\u015f\u0131k 40 dakika sonra ula\u015fan ar\u0131za ekibinin m\u00fcdahale \u015fekli ise hem \u015fa\u015fk\u0131nl\u0131\u011fa hem de endi\u015feye neden oldu. Edinilen bilgiye g\u00f6re, \u015eehzadeler il\u00e7esi A\u015fa\u011f\u0131 \u00c7obanisa Mahallesi Hamzabeyli \u00e7\u0131k\u0131\u015f\u0131nda bulunan hemzemin ge\u00e7it, tren ge\u00e7i\u015fi olmad\u0131\u011f\u0131 halde&#8230;<\/p>\n","protected":false},"author":1,"featured_media":28789,"comment_status":"open","ping_status":"open","sticky":false,"template":"","format":"standard","meta":{"_crdt_document":"","footnotes":""},"categories":[5],"tags":[],"class_list":["post-28788","post","type-post","status-publish","format-standard","has-post-thumbnail","hentry","category-asayis"],"_links":{"self":[{"href":"https:\/\/www.egemtv.com\/index.php?rest_route=\/wp\/v2\/posts\/28788","targetHints":{"allow":["GET"]}}],"collection":[{"href":"https:\/\/www.egemtv.com\/index.php?rest_route=\/wp\/v2\/posts"}],"about":[{"href":"https:\/\/www.egemtv.com\/index.php?rest_route=\/wp\/v2\/types\/post"}],"author":[{"embeddable":true,"href":"https:\/\/www.egemtv.com\/index.php?rest_route=\/wp\/v2\/users\/1"}],"replies":[{"embeddable":true,"href":"https:\/\/www.egemtv.com\/index.php?rest_route=%2Fwp%2Fv2%2Fcomments&post=28788"}],"version-history":[{"count":1,"href":"https:\/\/www.egemtv.com\/index.php?rest_route=\/wp\/v2\/posts\/28788\/revisions"}],"predecessor-version":[{"id":28790,"href":"https:\/\/www.egemtv.com\/index.php?rest_route=\/wp\/v2\/posts\/28788\/revisions\/28790"}],"wp:featuredmedia":[{"embeddable":true,"href":"https:\/\/www.egemtv.com\/index.php?rest_route=\/wp\/v2\/media\/28789"}],"wp:attachment":[{"href":"https:\/\/www.egemtv.com\/index.php?rest_route=%2Fwp%2Fv2%2Fmedia&parent=28788"}],"wp:term":[{"taxonomy":"category","embeddable":true,"href":"https:\/\/www.egemtv.com\/index.php?rest_route=%2Fwp%2Fv2%2Fcategories&post=28788"},{"taxonomy":"post_tag","embeddable":true,"href":"https:\/\/www.egemtv.com\/index.php?rest_route=%2Fwp%2Fv2%2Ftags&post=28788"}],"curies":[{"name":"wp","href":"https:\/\/api.w.org\/{rel}","templated":true}]}}