{"id":28785,"date":"2025-05-14T18:37:15","date_gmt":"2025-05-14T15:37:15","guid":{"rendered":"https:\/\/www.egemtv.com\/?p=28785"},"modified":"2025-05-14T18:37:20","modified_gmt":"2025-05-14T15:37:20","slug":"bodrumda-deniz-dibi-temizligi-basladi","status":"publish","type":"post","link":"https:\/\/www.egemtv.com\/?p=28785","title":{"rendered":"Bodrum\u2019da deniz dibi temizli\u011fi ba\u015flad\u0131"},"content":{"rendered":"<p>Bodrum Belediyesi taraf\u0131ndan &#8220;Denize En \u00c7ok MAV\u0130 Yak\u0131\u015f\u0131r&#8221; slogan\u0131yla on bir y\u0131ld\u0131r devam eden Deniz Dibi Temizli\u011fi, bu y\u0131l Kumbah\u00e7e sahilinden ba\u015flad\u0131.<\/p>\n<p>Bodrum\u2019un e\u015fsiz koylar\u0131nda her y\u0131l geleneksel olarak d\u00fczenlenen deniz dibi temizli\u011finin bu y\u0131lki ilk dura\u011f\u0131 Kumbah\u00e7e sahili oldu. Bodrum Belediyesi Temizlik \u0130\u015fleri M\u00fcd\u00fcrl\u00fc\u011f\u00fc taraf\u0131ndan 14 May\u0131s \u00c7ar\u015famba g\u00fcn\u00fc Bodrum\u2019un Kumbah\u00e7e Mahallesi Pa\u015fatarlas\u0131 sahilinden ba\u015flayarak Deniz Dibi Temizli\u011fi yap\u0131ld\u0131. Belediye \u00e7al\u0131\u015fanlar\u0131ndan olu\u015fan g\u00f6n\u00fcll\u00fc dal\u0131\u015f ekibinin yer ald\u0131\u011f\u0131 temizlikte denizden \u00e7\u0131kar\u0131lan at\u0131klar, Kumbah\u00e7e Meydan\u0131\u2019nda sergilendi.<\/p>\n<p>At\u0131k miktar\u0131n\u0131n azl\u0131\u011f\u0131 umut verdi<br \/>\n<br \/>Temizlik konusunda fark\u0131ndal\u0131k olu\u015fturmas\u0131 ve kentin hayranl\u0131k uyand\u0131ran birbirinden g\u00fczel koylar\u0131n\u0131n misafirleri temiz bir \u015fekilde kar\u015f\u0131lamas\u0131 i\u00e7in ger\u00e7ekle\u015ftirilen, her hafta farkl\u0131 bir mahallede d\u00fczenlenecek olan Deniz Dibi Temizli\u011finin ilkine Bodrum Belediye Ba\u015fkan\u0131 Tamer Mandalinci\u2019yi temsilen Genel Koordinat\u00f6r Emel \u00c7akalo\u011flu ile Meclis \u00dcyesi Candan Topdemir kat\u0131ld\u0131. Kumbah\u00e7e Mahalle Muhtar\u0131 Zehra Bilgin, ilgili birim m\u00fcd\u00fcrleri, belediye personeli ve vatanda\u015flar\u0131n da e\u015flik etti\u011fi etkinlikte denizden toplam 33 kg at\u0131k \u00e7\u0131kar\u0131ld\u0131. At\u0131k miktar\u0131n\u0131n az olmas\u0131 kat\u0131l\u0131mc\u0131lar\u0131 mutlu ederken gelece\u011fe dair umutlar\u0131 da ye\u015fertti. Ayr\u0131ca fark\u0131ndal\u0131k \u00e7al\u0131\u015fmalar\u0131n\u0131n da \u00f6nemini bir kez daha g\u00f6stermi\u015f oldu.<\/p>\n<p>Bodrum Belediyesi Genel Koordinat\u00f6r\u00fc Emel \u00c7akalo\u011flu, deniz temizli\u011finin \u00f6nemine de\u011findi\u011fi a\u00e7\u0131klamada \u015funlar\u0131 s\u00f6yledi:<br \/>\n<br \/>&#8220;Bu etkinli\u011fi her sene b\u00fct\u00fcn mahallelerimizde ger\u00e7ekle\u015ftiriyoruz. Bu sene ilk temizli\u011fi Kumbah\u00e7e Mahallemizde yapt\u0131k. Deniz dibi temizli\u011finde \u00e7ok fazla at\u0131kla kar\u015f\u0131la\u015fmad\u0131k ve bundan memnuniyet duyduk. Duyarl\u0131l\u0131\u011f\u0131 art\u0131rmak, \u00e7evremizi temiz tutmak a\u00e7\u0131s\u0131ndan bu projeye \u00f6nem veriyoruz. Eme\u011fi ge\u00e7en herkese \u00e7ok te\u015fekk\u00fcr ediyorum&#8221;<\/p>\n<p>Deniz Dibi Temizli\u011finin bir sonraki dura\u011f\u0131, 21 May\u0131s \u00c7ar\u015famba g\u00fcn\u00fc G\u00fcmbet Mahallesi olacak.<br \/><\/p>\n","protected":false},"excerpt":{"rendered":"<p>Bodrum Belediyesi taraf\u0131ndan &#8220;Denize En \u00c7ok MAV\u0130 Yak\u0131\u015f\u0131r&#8221; slogan\u0131yla on bir y\u0131ld\u0131r devam eden Deniz Dibi Temizli\u011fi, bu y\u0131l Kumbah\u00e7e sahilinden ba\u015flad\u0131. Bodrum\u2019un e\u015fsiz koylar\u0131nda her y\u0131l geleneksel olarak d\u00fczenlenen deniz dibi temizli\u011finin bu y\u0131lki ilk dura\u011f\u0131 Kumbah\u00e7e sahili oldu. Bodrum Belediyesi Temizlik \u0130\u015fleri M\u00fcd\u00fcrl\u00fc\u011f\u00fc taraf\u0131ndan 14 May\u0131s \u00c7ar\u015famba g\u00fcn\u00fc Bodrum\u2019un Kumbah\u00e7e Mahallesi Pa\u015fatarlas\u0131 sahilinden&#8230;<\/p>\n","protected":false},"author":1,"featured_media":28786,"comment_status":"open","ping_status":"open","sticky":false,"template":"","format":"standard","meta":{"_crdt_document":"","footnotes":""},"categories":[1],"tags":[],"class_list":["post-28785","post","type-post","status-publish","format-standard","has-post-thumbnail","hentry","category-guncel"],"_links":{"self":[{"href":"https:\/\/www.egemtv.com\/index.php?rest_route=\/wp\/v2\/posts\/28785","targetHints":{"allow":["GET"]}}],"collection":[{"href":"https:\/\/www.egemtv.com\/index.php?rest_route=\/wp\/v2\/posts"}],"about":[{"href":"https:\/\/www.egemtv.com\/index.php?rest_route=\/wp\/v2\/types\/post"}],"author":[{"embeddable":true,"href":"https:\/\/www.egemtv.com\/index.php?rest_route=\/wp\/v2\/users\/1"}],"replies":[{"embeddable":true,"href":"https:\/\/www.egemtv.com\/index.php?rest_route=%2Fwp%2Fv2%2Fcomments&post=28785"}],"version-history":[{"count":1,"href":"https:\/\/www.egemtv.com\/index.php?rest_route=\/wp\/v2\/posts\/28785\/revisions"}],"predecessor-version":[{"id":28787,"href":"https:\/\/www.egemtv.com\/index.php?rest_route=\/wp\/v2\/posts\/28785\/revisions\/28787"}],"wp:featuredmedia":[{"embeddable":true,"href":"https:\/\/www.egemtv.com\/index.php?rest_route=\/wp\/v2\/media\/28786"}],"wp:attachment":[{"href":"https:\/\/www.egemtv.com\/index.php?rest_route=%2Fwp%2Fv2%2Fmedia&parent=28785"}],"wp:term":[{"taxonomy":"category","embeddable":true,"href":"https:\/\/www.egemtv.com\/index.php?rest_route=%2Fwp%2Fv2%2Fcategories&post=28785"},{"taxonomy":"post_tag","embeddable":true,"href":"https:\/\/www.egemtv.com\/index.php?rest_route=%2Fwp%2Fv2%2Ftags&post=28785"}],"curies":[{"name":"wp","href":"https:\/\/api.w.org\/{rel}","templated":true}]}}