{"id":28779,"date":"2025-05-14T18:17:18","date_gmt":"2025-05-14T15:17:18","guid":{"rendered":"https:\/\/www.egemtv.com\/?p=28779"},"modified":"2025-05-14T18:17:23","modified_gmt":"2025-05-14T15:17:23","slug":"direksiyon-basinda-fenalasan-surucu-3-araca-carpti-1-yarali","status":"publish","type":"post","link":"https:\/\/www.egemtv.com\/?p=28779","title":{"rendered":"Direksiyon ba\u015f\u0131nda fenala\u015fan s\u00fcr\u00fcc\u00fc 3 araca \u00e7arpt\u0131: 1 yaral\u0131"},"content":{"rendered":"<p>Ayd\u0131n\u2019\u0131n Ku\u015fadas\u0131 il\u00e7esinde fenala\u015farak ters \u015feride giren ve gelen ara\u00e7lara \u00e7arpan otomobil s\u00fcr\u00fcc\u00fcs\u00fc yaraland\u0131.<\/p>\n<p>Kaza, Ku\u015fadas\u0131 il\u00e7esi Bayrakl\u0131dede Mahallesi Turgut \u00d6zal Bulvar\u0131 \u00fczerinde saat 16.00 s\u0131ralar\u0131nda meydana geldi. Edinilen bilgiye g\u00f6re, Zafer E. (57) y\u00f6netimindeki 09 AKJ 702 plakal\u0131 otomobil s\u00fcr\u00fcc\u00fcs\u00fc, hen\u00fcz bilinmeyen bir nedenle seyir halindeyken direksiyon ba\u015f\u0131nda fenala\u015farak ters \u015feride girdi. O esnada kar\u015f\u0131 y\u00f6nden gelen bir kamyonete ard\u0131ndan iki otomobile \u00e7arpt\u0131. \u0130hbar \u00fczerine kaza yerine sa\u011fl\u0131k ve polis ekipleri sevk edildi. 3 arac\u0131n kar\u0131\u015ft\u0131\u011f\u0131 trafik kazas\u0131nda, fenala\u015fan s\u00fcr\u00fcc\u00fc, sa\u011fl\u0131k ekipleri taraf\u0131ndan otomobilinden \u00e7\u0131kar\u0131larak, ilk m\u00fcdahalenin ard\u0131ndan ambulansla Ku\u015fadas\u0131 Devlet Hastanesine kald\u0131r\u0131ld\u0131. Polis ekipleri kazayla ilgili inceleme ba\u015flatt\u0131.<br \/><\/p>\n","protected":false},"excerpt":{"rendered":"<p>Ayd\u0131n\u2019\u0131n Ku\u015fadas\u0131 il\u00e7esinde fenala\u015farak ters \u015feride giren ve gelen ara\u00e7lara \u00e7arpan otomobil s\u00fcr\u00fcc\u00fcs\u00fc yaraland\u0131. Kaza, Ku\u015fadas\u0131 il\u00e7esi Bayrakl\u0131dede Mahallesi Turgut \u00d6zal Bulvar\u0131 \u00fczerinde saat 16.00 s\u0131ralar\u0131nda meydana geldi. Edinilen bilgiye g\u00f6re, Zafer E. (57) y\u00f6netimindeki 09 AKJ 702 plakal\u0131 otomobil s\u00fcr\u00fcc\u00fcs\u00fc, hen\u00fcz bilinmeyen bir nedenle seyir halindeyken direksiyon ba\u015f\u0131nda fenala\u015farak ters \u015feride girdi. O esnada&#8230;<\/p>\n","protected":false},"author":1,"featured_media":28780,"comment_status":"open","ping_status":"open","sticky":false,"template":"","format":"standard","meta":{"_crdt_document":"","footnotes":""},"categories":[5],"tags":[],"class_list":["post-28779","post","type-post","status-publish","format-standard","has-post-thumbnail","hentry","category-asayis"],"_links":{"self":[{"href":"https:\/\/www.egemtv.com\/index.php?rest_route=\/wp\/v2\/posts\/28779","targetHints":{"allow":["GET"]}}],"collection":[{"href":"https:\/\/www.egemtv.com\/index.php?rest_route=\/wp\/v2\/posts"}],"about":[{"href":"https:\/\/www.egemtv.com\/index.php?rest_route=\/wp\/v2\/types\/post"}],"author":[{"embeddable":true,"href":"https:\/\/www.egemtv.com\/index.php?rest_route=\/wp\/v2\/users\/1"}],"replies":[{"embeddable":true,"href":"https:\/\/www.egemtv.com\/index.php?rest_route=%2Fwp%2Fv2%2Fcomments&post=28779"}],"version-history":[{"count":1,"href":"https:\/\/www.egemtv.com\/index.php?rest_route=\/wp\/v2\/posts\/28779\/revisions"}],"predecessor-version":[{"id":28781,"href":"https:\/\/www.egemtv.com\/index.php?rest_route=\/wp\/v2\/posts\/28779\/revisions\/28781"}],"wp:featuredmedia":[{"embeddable":true,"href":"https:\/\/www.egemtv.com\/index.php?rest_route=\/wp\/v2\/media\/28780"}],"wp:attachment":[{"href":"https:\/\/www.egemtv.com\/index.php?rest_route=%2Fwp%2Fv2%2Fmedia&parent=28779"}],"wp:term":[{"taxonomy":"category","embeddable":true,"href":"https:\/\/www.egemtv.com\/index.php?rest_route=%2Fwp%2Fv2%2Fcategories&post=28779"},{"taxonomy":"post_tag","embeddable":true,"href":"https:\/\/www.egemtv.com\/index.php?rest_route=%2Fwp%2Fv2%2Ftags&post=28779"}],"curies":[{"name":"wp","href":"https:\/\/api.w.org\/{rel}","templated":true}]}}