{"id":28776,"date":"2025-05-14T17:55:42","date_gmt":"2025-05-14T14:55:42","guid":{"rendered":"https:\/\/www.egemtv.com\/?p=28776"},"modified":"2025-05-14T17:55:47","modified_gmt":"2025-05-14T14:55:47","slug":"meslek-liselilerden-19-farkli-proje","status":"publish","type":"post","link":"https:\/\/www.egemtv.com\/?p=28776","title":{"rendered":"Meslek liselilerden 19 farkl\u0131 proje"},"content":{"rendered":"<p>Manisa\u2019n\u0131n Demirci il\u00e7esinde meslek lisesi \u00f6\u011frencileri okulda bilim fuar\u0131 d\u00fczenledi.<br \/>\n<br \/>2025 y\u0131l\u0131nda T\u00dcB\u0130TAK 4006 B kategorisinde ba\u015fvurusu kabul edilen il\u00e7edeki tek okul olan Ahi Evran Mesleki ve Teknik Anadolu Lisesi taraf\u0131ndan a\u00e7\u0131lan bilim fuar\u0131nda 18 \u00f6\u011fretmen ve 54 \u00f6\u011frenci g\u00f6rev ald\u0131. Bilim fuar\u0131n\u0131n a\u00e7\u0131l\u0131\u015f\u0131na Belediye Ba\u015fkan\u0131 Erkan Kara\u2019n\u0131n yan\u0131 s\u0131ra \u0130l\u00e7e Milli E\u011fitim M\u00fcd\u00fcr\u00fc Bilal \u00c7etinkaya ve Meslek Y\u00fcksek Okulu M\u00fcd\u00fcr\u00fc Dr. Ali Da\u015fman, kurum m\u00fcd\u00fcrleri ve \u00f6\u011frenciler kat\u0131l\u0131m sa\u011flad\u0131. Bilim fuar\u0131nda \u00f6\u011fretmen ve \u00f6\u011frenciler haz\u0131rlad\u0131klar\u0131 19 projeyi stantlarda sergiledi. Belediye Ba\u015fkan\u0131 Erkan Kara ve beraberindeki heyet \u00f6\u011frencilerin stantlar\u0131n\u0131 ziyaret ederek \u00f6\u011frenciler taraf\u0131ndan haz\u0131rlanan projeleri inceledi. \u00d6\u011frenciler e\u011flenceli matematik, tarih, su ta\u015fk\u0131nlar\u0131, dilimize tak\u0131lan de\u011ferler, s\u00fcrd\u00fcr\u00fclebilir temizlik \u00fcr\u00fcnleri \u00fcretimi ve \u00e7evresel faydalar\u0131, engelli bireyler i\u00e7in engelleri a\u015fan lavabo, kav\u015fak ve trafik \u0131\u015f\u0131klar\u0131nda h\u0131zdan kaynakl\u0131 ya\u015fanan kazalar\u0131n azalt\u0131lmas\u0131n\u0131 h\u0131z azaltma sinyalizasyonu, harflerle \u015fifreleme gibi haz\u0131rlad\u0131klar\u0131 \u00e7al\u0131\u015fmalar\u0131 kat\u0131l\u0131mc\u0131lara sundu.<br \/><\/p>\n","protected":false},"excerpt":{"rendered":"<p>Manisa\u2019n\u0131n Demirci il\u00e7esinde meslek lisesi \u00f6\u011frencileri okulda bilim fuar\u0131 d\u00fczenledi. 2025 y\u0131l\u0131nda T\u00dcB\u0130TAK 4006 B kategorisinde ba\u015fvurusu kabul edilen il\u00e7edeki tek okul olan Ahi Evran Mesleki ve Teknik Anadolu Lisesi taraf\u0131ndan a\u00e7\u0131lan bilim fuar\u0131nda 18 \u00f6\u011fretmen ve 54 \u00f6\u011frenci g\u00f6rev ald\u0131. Bilim fuar\u0131n\u0131n a\u00e7\u0131l\u0131\u015f\u0131na Belediye Ba\u015fkan\u0131 Erkan Kara\u2019n\u0131n yan\u0131 s\u0131ra \u0130l\u00e7e Milli E\u011fitim M\u00fcd\u00fcr\u00fc Bilal&#8230;<\/p>\n","protected":false},"author":1,"featured_media":28777,"comment_status":"open","ping_status":"open","sticky":false,"template":"","format":"standard","meta":{"_crdt_document":"","footnotes":""},"categories":[1],"tags":[],"class_list":["post-28776","post","type-post","status-publish","format-standard","has-post-thumbnail","hentry","category-guncel"],"_links":{"self":[{"href":"https:\/\/www.egemtv.com\/index.php?rest_route=\/wp\/v2\/posts\/28776","targetHints":{"allow":["GET"]}}],"collection":[{"href":"https:\/\/www.egemtv.com\/index.php?rest_route=\/wp\/v2\/posts"}],"about":[{"href":"https:\/\/www.egemtv.com\/index.php?rest_route=\/wp\/v2\/types\/post"}],"author":[{"embeddable":true,"href":"https:\/\/www.egemtv.com\/index.php?rest_route=\/wp\/v2\/users\/1"}],"replies":[{"embeddable":true,"href":"https:\/\/www.egemtv.com\/index.php?rest_route=%2Fwp%2Fv2%2Fcomments&post=28776"}],"version-history":[{"count":1,"href":"https:\/\/www.egemtv.com\/index.php?rest_route=\/wp\/v2\/posts\/28776\/revisions"}],"predecessor-version":[{"id":28778,"href":"https:\/\/www.egemtv.com\/index.php?rest_route=\/wp\/v2\/posts\/28776\/revisions\/28778"}],"wp:featuredmedia":[{"embeddable":true,"href":"https:\/\/www.egemtv.com\/index.php?rest_route=\/wp\/v2\/media\/28777"}],"wp:attachment":[{"href":"https:\/\/www.egemtv.com\/index.php?rest_route=%2Fwp%2Fv2%2Fmedia&parent=28776"}],"wp:term":[{"taxonomy":"category","embeddable":true,"href":"https:\/\/www.egemtv.com\/index.php?rest_route=%2Fwp%2Fv2%2Fcategories&post=28776"},{"taxonomy":"post_tag","embeddable":true,"href":"https:\/\/www.egemtv.com\/index.php?rest_route=%2Fwp%2Fv2%2Ftags&post=28776"}],"curies":[{"name":"wp","href":"https:\/\/api.w.org\/{rel}","templated":true}]}}