{"id":28773,"date":"2025-05-14T17:35:55","date_gmt":"2025-05-14T14:35:55","guid":{"rendered":"https:\/\/www.egemtv.com\/?p=28773"},"modified":"2025-05-14T17:36:00","modified_gmt":"2025-05-14T14:36:00","slug":"sokede-ciftciler-gunu-kutlandi","status":"publish","type":"post","link":"https:\/\/www.egemtv.com\/?p=28773","title":{"rendered":"S\u00f6ke\u2019de \u00c7ift\u00e7iler G\u00fcn\u00fc kutland\u0131"},"content":{"rendered":"<p>T\u00fcrkiye\u2019nin pamuk ambar\u0131 olarak nitelendirilen S\u00f6ke Ovas\u0131\u2019nda yeni sezon haz\u0131rl\u0131klar\u0131n\u0131n ba\u015flad\u0131\u011f\u0131 bu g\u00fcnlerde 14 May\u0131s \u00c7ift\u00e7iler G\u00fcn\u00fc kutland\u0131.<\/p>\n<p>S\u00f6ke Ziraat Odas\u0131 taraf\u0131ndan ilk olarak Atat\u00fcrk An\u0131t\u0131\u2019na \u00e7elenk sunumu yap\u0131l\u0131rken, ard\u0131ndan \u00f6\u011fle saatlerinde S\u00f6ke Ziraat Odas\u0131 \u00f6n\u00fcnde pilav hayr\u0131 yap\u0131ld\u0131.<\/p>\n<p>Geleneksel hale gelen pilav etkinli\u011finde dua da edilirken, etkinli\u011fe S\u00f6ke Kaymakam\u0131 Ali Ak\u00e7a, S\u00f6ke Belediye Ba\u015fkan Vekili Fuat Evren G\u00fcl, S\u00f6ke Belediye Ba\u015fkan Yard\u0131mc\u0131lar\u0131 Ya\u011f\u0131z Pulluk\u00e7u ve Vural Tosun ba\u015fta olmak \u00fczere \u00e7e\u015fitli kurum ve kurulu\u015flar ile STK\u2019lar\u0131n temsilcileri ve \u00e7ift\u00e7iler kat\u0131ld\u0131.<\/p>\n<p>S\u00f6ke Ziraat Odas\u0131 Y\u00f6netim Kurulu Ba\u015fkan\u0131 Mustafa Tanyeri ve Meclis Ba\u015fkan\u0131 Sava\u015f Koca davetlilerle yak\u0131ndan ilgilenirken zorlu bir sezona ba\u015flad\u0131klar\u0131n\u0131 \u00f6zellikle sulama konusunun g\u00fcndemde oldu\u011fu d\u00f6nemde yeni sezonun t\u00fcm \u00fcreticilere hay\u0131rl\u0131 ve bereketli olmas\u0131n\u0131 diledi.<br \/><\/p>\n","protected":false},"excerpt":{"rendered":"<p>T\u00fcrkiye\u2019nin pamuk ambar\u0131 olarak nitelendirilen S\u00f6ke Ovas\u0131\u2019nda yeni sezon haz\u0131rl\u0131klar\u0131n\u0131n ba\u015flad\u0131\u011f\u0131 bu g\u00fcnlerde 14 May\u0131s \u00c7ift\u00e7iler G\u00fcn\u00fc kutland\u0131. S\u00f6ke Ziraat Odas\u0131 taraf\u0131ndan ilk olarak Atat\u00fcrk An\u0131t\u0131\u2019na \u00e7elenk sunumu yap\u0131l\u0131rken, ard\u0131ndan \u00f6\u011fle saatlerinde S\u00f6ke Ziraat Odas\u0131 \u00f6n\u00fcnde pilav hayr\u0131 yap\u0131ld\u0131. Geleneksel hale gelen pilav etkinli\u011finde dua da edilirken, etkinli\u011fe S\u00f6ke Kaymakam\u0131 Ali Ak\u00e7a, S\u00f6ke Belediye Ba\u015fkan&#8230;<\/p>\n","protected":false},"author":1,"featured_media":28774,"comment_status":"open","ping_status":"open","sticky":false,"template":"","format":"standard","meta":{"_crdt_document":"","footnotes":""},"categories":[1],"tags":[],"class_list":["post-28773","post","type-post","status-publish","format-standard","has-post-thumbnail","hentry","category-guncel"],"_links":{"self":[{"href":"https:\/\/www.egemtv.com\/index.php?rest_route=\/wp\/v2\/posts\/28773","targetHints":{"allow":["GET"]}}],"collection":[{"href":"https:\/\/www.egemtv.com\/index.php?rest_route=\/wp\/v2\/posts"}],"about":[{"href":"https:\/\/www.egemtv.com\/index.php?rest_route=\/wp\/v2\/types\/post"}],"author":[{"embeddable":true,"href":"https:\/\/www.egemtv.com\/index.php?rest_route=\/wp\/v2\/users\/1"}],"replies":[{"embeddable":true,"href":"https:\/\/www.egemtv.com\/index.php?rest_route=%2Fwp%2Fv2%2Fcomments&post=28773"}],"version-history":[{"count":1,"href":"https:\/\/www.egemtv.com\/index.php?rest_route=\/wp\/v2\/posts\/28773\/revisions"}],"predecessor-version":[{"id":28775,"href":"https:\/\/www.egemtv.com\/index.php?rest_route=\/wp\/v2\/posts\/28773\/revisions\/28775"}],"wp:featuredmedia":[{"embeddable":true,"href":"https:\/\/www.egemtv.com\/index.php?rest_route=\/wp\/v2\/media\/28774"}],"wp:attachment":[{"href":"https:\/\/www.egemtv.com\/index.php?rest_route=%2Fwp%2Fv2%2Fmedia&parent=28773"}],"wp:term":[{"taxonomy":"category","embeddable":true,"href":"https:\/\/www.egemtv.com\/index.php?rest_route=%2Fwp%2Fv2%2Fcategories&post=28773"},{"taxonomy":"post_tag","embeddable":true,"href":"https:\/\/www.egemtv.com\/index.php?rest_route=%2Fwp%2Fv2%2Ftags&post=28773"}],"curies":[{"name":"wp","href":"https:\/\/api.w.org\/{rel}","templated":true}]}}