{"id":28764,"date":"2025-05-14T16:57:29","date_gmt":"2025-05-14T13:57:29","guid":{"rendered":"https:\/\/www.egemtv.com\/?p=28764"},"modified":"2025-05-14T16:57:37","modified_gmt":"2025-05-14T13:57:37","slug":"turgutlu-belediyesinden-sahipsiz-can-dostlarin-yasam-sartlarini-iyilestirecek-calisma","status":"publish","type":"post","link":"https:\/\/www.egemtv.com\/?p=28764","title":{"rendered":"Turgutlu Belediyesinden sahipsiz can dostlar\u0131n ya\u015fam \u015fartlar\u0131n\u0131 iyile\u015ftirecek \u00e7al\u0131\u015fma"},"content":{"rendered":"<p>Turgutlu Belediyesi Temizlik \u0130\u015fleri M\u00fcd\u00fcrl\u00fc\u011f\u00fc \u00e7evre ve halk sa\u011fl\u0131\u011f\u0131n\u0131 korumak ad\u0131na \u00e7al\u0131\u015fmalar\u0131n\u0131 s\u00fcrd\u00fcr\u00fcrken ayn\u0131 zamanda sokakta ya\u015fayan sahipsiz canl\u0131lar\u0131n ya\u015fam \u015fartlar\u0131n\u0131 iyile\u015ftirebilmek ad\u0131na gerekli ad\u0131mlar\u0131 da at\u0131yor.<br \/>\n<br \/>&#8220;Kalbimiz sokakta at\u0131yor&#8221; anlay\u0131\u015f\u0131yla sokak hayvanlar\u0131n\u0131n bak\u0131m\u0131 ve korunmas\u0131na y\u00f6nelik \u00f6nemli \u00e7al\u0131\u015fma ve projeler hayata ge\u00e7iren Turgutlu Belediyesi, Ge\u00e7ici Hayvan Bak\u0131m Evi\u2019nde geni\u015fletme ve iyile\u015ftirme \u00e7al\u0131\u015fmalar\u0131 ger\u00e7ekle\u015ftiriyor. Sokakta ya\u015fayan can dostlar\u0131n \u00e7ok daha iyi, sa\u011fl\u0131kl\u0131 ve g\u00fcvenli \u015fartlarda ya\u015famalar\u0131n\u0131n ama\u00e7land\u0131\u011f\u0131 geni\u015fletme \u00e7al\u0131\u015fmalar\u0131 tamamland\u0131\u011f\u0131nda sahipsiz canlar emin ellerde, \u015fefkatle ya\u015famaya devam edecek.<br \/>\n<br \/>\u00c7evre ve halk sa\u011fl\u0131\u011f\u0131n\u0131n korunmas\u0131 i\u00e7in rutin \u00e7al\u0131\u015fma ve uygulamalar\u0131na devam eden Temizlik \u0130\u015fleri M\u00fcd\u00fcrl\u00fc\u011f\u00fc ekipleri, havalar\u0131n \u0131s\u0131nmas\u0131yla birlikte kirlilik ve k\u00f6t\u00fc koku olu\u015fumunun \u00f6n\u00fcne ge\u00e7mek; larva, sinek ve zararl\u0131 mikroorganizmalar\u0131n olu\u015fumunu engellemek amac\u0131yla kire\u00e7leme i\u015flemlerine a\u011f\u0131rl\u0131k verdi. Bu kapsamda Cumhuriyet ve Suba\u015f\u0131 Mahalleleri ile Yeni Mahalledeki \u00e7\u00f6p konteynerleri ve \u00e7evresinde kire\u00e7leme \u00e7al\u0131\u015fmalar\u0131 tamamland\u0131. Kurban Bayram\u0131\u2019n\u0131n yakla\u015fmas\u0131yla birlikte kurban sat\u0131\u015flar\u0131n\u0131n yap\u0131laca\u011f\u0131 Hayvan Pazar\u0131\u2019nda kire\u00e7leme i\u015flemlerine devam ediliyor.<br \/>\n<br \/>Turgutlu Belediye Ba\u015fkan Yard\u0131mc\u0131s\u0131 ve Temizlik \u0130\u015fleri M\u00fcd\u00fcr\u00fc Evren Erba\u015f Ser, &#8220;Vatanda\u015flar\u0131m\u0131z\u0131n ve kentimizin sa\u011fl\u0131\u011f\u0131n\u0131 ve temizli\u011fini korumak ad\u0131na \u00e7al\u0131\u015fmalar\u0131m\u0131za devam ediyoruz. Periyodik olarak ger\u00e7ekle\u015ftirdi\u011fimiz kire\u00e7leme uygulamam\u0131z\u0131 havalar\u0131n \u0131s\u0131nmas\u0131yla birlikte yo\u011funla\u015ft\u0131rd\u0131k. Plan ve program do\u011frultusunda kire\u00e7leme i\u015flemlerimizi s\u00fcrd\u00fcrece\u011fiz. Ayn\u0131 zamanda sokakta ya\u015fayan sahipsiz dostlar\u0131m\u0131za yuva olan Ge\u00e7ici Hayvan Bak\u0131m Evi\u2019nde yap\u0131lan geni\u015fletme \u00e7al\u0131\u015fmas\u0131yla onlar\u0131n daha iyi imkanlarda ya\u015famalar\u0131n\u0131 sa\u011flam\u0131\u015f olaca\u011f\u0131z&#8221; ifadelerini kulland\u0131.<br \/><\/p>\n","protected":false},"excerpt":{"rendered":"<p>Turgutlu Belediyesi Temizlik \u0130\u015fleri M\u00fcd\u00fcrl\u00fc\u011f\u00fc \u00e7evre ve halk sa\u011fl\u0131\u011f\u0131n\u0131 korumak ad\u0131na \u00e7al\u0131\u015fmalar\u0131n\u0131 s\u00fcrd\u00fcr\u00fcrken ayn\u0131 zamanda sokakta ya\u015fayan sahipsiz canl\u0131lar\u0131n ya\u015fam \u015fartlar\u0131n\u0131 iyile\u015ftirebilmek ad\u0131na gerekli ad\u0131mlar\u0131 da at\u0131yor. &#8220;Kalbimiz sokakta at\u0131yor&#8221; anlay\u0131\u015f\u0131yla sokak hayvanlar\u0131n\u0131n bak\u0131m\u0131 ve korunmas\u0131na y\u00f6nelik \u00f6nemli \u00e7al\u0131\u015fma ve projeler hayata ge\u00e7iren Turgutlu Belediyesi, Ge\u00e7ici Hayvan Bak\u0131m Evi\u2019nde geni\u015fletme ve iyile\u015ftirme \u00e7al\u0131\u015fmalar\u0131 ger\u00e7ekle\u015ftiriyor. Sokakta&#8230;<\/p>\n","protected":false},"author":1,"featured_media":28765,"comment_status":"open","ping_status":"open","sticky":false,"template":"","format":"standard","meta":{"_crdt_document":"","footnotes":""},"categories":[1],"tags":[],"class_list":["post-28764","post","type-post","status-publish","format-standard","has-post-thumbnail","hentry","category-guncel"],"_links":{"self":[{"href":"https:\/\/www.egemtv.com\/index.php?rest_route=\/wp\/v2\/posts\/28764","targetHints":{"allow":["GET"]}}],"collection":[{"href":"https:\/\/www.egemtv.com\/index.php?rest_route=\/wp\/v2\/posts"}],"about":[{"href":"https:\/\/www.egemtv.com\/index.php?rest_route=\/wp\/v2\/types\/post"}],"author":[{"embeddable":true,"href":"https:\/\/www.egemtv.com\/index.php?rest_route=\/wp\/v2\/users\/1"}],"replies":[{"embeddable":true,"href":"https:\/\/www.egemtv.com\/index.php?rest_route=%2Fwp%2Fv2%2Fcomments&post=28764"}],"version-history":[{"count":1,"href":"https:\/\/www.egemtv.com\/index.php?rest_route=\/wp\/v2\/posts\/28764\/revisions"}],"predecessor-version":[{"id":28766,"href":"https:\/\/www.egemtv.com\/index.php?rest_route=\/wp\/v2\/posts\/28764\/revisions\/28766"}],"wp:featuredmedia":[{"embeddable":true,"href":"https:\/\/www.egemtv.com\/index.php?rest_route=\/wp\/v2\/media\/28765"}],"wp:attachment":[{"href":"https:\/\/www.egemtv.com\/index.php?rest_route=%2Fwp%2Fv2%2Fmedia&parent=28764"}],"wp:term":[{"taxonomy":"category","embeddable":true,"href":"https:\/\/www.egemtv.com\/index.php?rest_route=%2Fwp%2Fv2%2Fcategories&post=28764"},{"taxonomy":"post_tag","embeddable":true,"href":"https:\/\/www.egemtv.com\/index.php?rest_route=%2Fwp%2Fv2%2Ftags&post=28764"}],"curies":[{"name":"wp","href":"https:\/\/api.w.org\/{rel}","templated":true}]}}