{"id":28761,"date":"2025-05-14T16:17:10","date_gmt":"2025-05-14T13:17:10","guid":{"rendered":"https:\/\/www.egemtv.com\/?p=28761"},"modified":"2025-05-14T16:17:17","modified_gmt":"2025-05-14T13:17:17","slug":"bozdoganda-sokak-hayvanlari-degerlendirme-toplantisi-yapildi","status":"publish","type":"post","link":"https:\/\/www.egemtv.com\/?p=28761","title":{"rendered":"Bozdo\u011fan\u2019da sokak hayvanlar\u0131 de\u011ferlendirme toplant\u0131s\u0131 yap\u0131ld\u0131"},"content":{"rendered":"<p>Bozdo\u011fan Kaymakam\u0131 Yunus Emre Polat ba\u015fkanl\u0131\u011f\u0131nda, Belediye Ba\u015fkan\u0131 Mustafa Galip \u00d6zel ve ilgili kurum amirlerinin kat\u0131l\u0131m\u0131yla sokak hayvanlar\u0131yla ilgili sorun ve \u00e7al\u0131\u015fmalar\u0131n g\u00f6r\u00fc\u015f\u00fcld\u00fc\u011f\u00fc de\u011ferlendirme toplant\u0131s\u0131 ger\u00e7ekle\u015ftirildi.<br \/>\n<br \/>Kaymakaml\u0131k toplant\u0131 salonunda yap\u0131lan toplant\u0131da 5199 Say\u0131l\u0131 Hayvanlar\u0131 Koruma Kanunu kapsam\u0131nda il\u00e7ede y\u00fcr\u00fct\u00fclen \u00e7al\u0131\u015fmalar ve sorun ve \u015fikayetler de\u011ferlendirildi.<br \/>\n<br \/>Sokak hayvanlar\u0131n\u0131n durumu ve yap\u0131lan \u00e7al\u0131\u015fmalar de\u011ferlendirilerek kurumlar aras\u0131 koordinasyonu gerektiren konular g\u00f6r\u00fc\u015f\u00fcld\u00fc.<br \/>\n<br \/>Toplant\u0131ya Kaymakam Yunus Emre Polat, , Belediye Ba\u015fkan\u0131 Mustafa Galip \u00d6zel,  \u0130l\u00e7e Emniyet Amiri Yavuz Sar\u0131, \u0130l\u00e7e Jandarma Komutan\u0131 Murat Ayd\u0131n, \u0130l\u00e7e Tar\u0131m ve Orman M\u00fcd\u00fcr\u00fc Soner Altun, Milli Emlak \u015eefi Ahmet Bulut, Belediye Temizlik \u0130\u015fleri M\u00fcd\u00fcr\u00fc \u0130brahim Karagedik, Kaymakaml\u0131k Yaz\u0131 \u0130\u015fleri M\u00fcd\u00fcr\u00fc Mustafa Aky\u00fcz kat\u0131ld\u0131.<br \/><\/p>\n","protected":false},"excerpt":{"rendered":"<p>Bozdo\u011fan Kaymakam\u0131 Yunus Emre Polat ba\u015fkanl\u0131\u011f\u0131nda, Belediye Ba\u015fkan\u0131 Mustafa Galip \u00d6zel ve ilgili kurum amirlerinin kat\u0131l\u0131m\u0131yla sokak hayvanlar\u0131yla ilgili sorun ve \u00e7al\u0131\u015fmalar\u0131n g\u00f6r\u00fc\u015f\u00fcld\u00fc\u011f\u00fc de\u011ferlendirme toplant\u0131s\u0131 ger\u00e7ekle\u015ftirildi. Kaymakaml\u0131k toplant\u0131 salonunda yap\u0131lan toplant\u0131da 5199 Say\u0131l\u0131 Hayvanlar\u0131 Koruma Kanunu kapsam\u0131nda il\u00e7ede y\u00fcr\u00fct\u00fclen \u00e7al\u0131\u015fmalar ve sorun ve \u015fikayetler de\u011ferlendirildi. Sokak hayvanlar\u0131n\u0131n durumu ve yap\u0131lan \u00e7al\u0131\u015fmalar de\u011ferlendirilerek kurumlar aras\u0131 koordinasyonu&#8230;<\/p>\n","protected":false},"author":1,"featured_media":28762,"comment_status":"open","ping_status":"open","sticky":false,"template":"","format":"standard","meta":{"_crdt_document":"","footnotes":""},"categories":[1],"tags":[],"class_list":["post-28761","post","type-post","status-publish","format-standard","has-post-thumbnail","hentry","category-guncel"],"_links":{"self":[{"href":"https:\/\/www.egemtv.com\/index.php?rest_route=\/wp\/v2\/posts\/28761","targetHints":{"allow":["GET"]}}],"collection":[{"href":"https:\/\/www.egemtv.com\/index.php?rest_route=\/wp\/v2\/posts"}],"about":[{"href":"https:\/\/www.egemtv.com\/index.php?rest_route=\/wp\/v2\/types\/post"}],"author":[{"embeddable":true,"href":"https:\/\/www.egemtv.com\/index.php?rest_route=\/wp\/v2\/users\/1"}],"replies":[{"embeddable":true,"href":"https:\/\/www.egemtv.com\/index.php?rest_route=%2Fwp%2Fv2%2Fcomments&post=28761"}],"version-history":[{"count":1,"href":"https:\/\/www.egemtv.com\/index.php?rest_route=\/wp\/v2\/posts\/28761\/revisions"}],"predecessor-version":[{"id":28763,"href":"https:\/\/www.egemtv.com\/index.php?rest_route=\/wp\/v2\/posts\/28761\/revisions\/28763"}],"wp:featuredmedia":[{"embeddable":true,"href":"https:\/\/www.egemtv.com\/index.php?rest_route=\/wp\/v2\/media\/28762"}],"wp:attachment":[{"href":"https:\/\/www.egemtv.com\/index.php?rest_route=%2Fwp%2Fv2%2Fmedia&parent=28761"}],"wp:term":[{"taxonomy":"category","embeddable":true,"href":"https:\/\/www.egemtv.com\/index.php?rest_route=%2Fwp%2Fv2%2Fcategories&post=28761"},{"taxonomy":"post_tag","embeddable":true,"href":"https:\/\/www.egemtv.com\/index.php?rest_route=%2Fwp%2Fv2%2Ftags&post=28761"}],"curies":[{"name":"wp","href":"https:\/\/api.w.org\/{rel}","templated":true}]}}