{"id":28758,"date":"2025-05-14T16:17:04","date_gmt":"2025-05-14T13:17:04","guid":{"rendered":"https:\/\/www.egemtv.com\/?p=28758"},"modified":"2025-05-14T16:17:10","modified_gmt":"2025-05-14T13:17:10","slug":"oglunun-cinayete-kurban-gittigini-soyluyordu-7-yil-sonra-general-babayi-hakli-cikaran-gelisme","status":"publish","type":"post","link":"https:\/\/www.egemtv.com\/?p=28758","title":{"rendered":"O\u011flunun cinayete kurban gitti\u011fini s\u00f6yl\u00fcyordu; 7 y\u0131l sonra general babay\u0131 hakl\u0131 \u00e7\u0131karan geli\u015fme"},"content":{"rendered":"<p>\u0130zmir\u2019in Narl\u0131dere il\u00e7esinde, 7 y\u0131l \u00f6nce in\u015faat \u015fantiyesinde \u00f6l\u00fc olarak bulunan 26 ya\u015f\u0131ndaki Dorukhan B\u00fcy\u00fcki\u015f\u0131k\u2019\u0131n \u00f6l\u00fcm\u00fcne ili\u015fkin y\u00fcr\u00fct\u00fclen soru\u015fturmada \u00f6nemli geli\u015fme ya\u015fand\u0131. \u0130zmir Cumhuriyet Ba\u015fsavc\u0131l\u0131\u011f\u0131\u2019n\u0131n titizlikle y\u00fcr\u00fctt\u00fc\u011f\u00fc soru\u015fturma sonucunda, olay\u0131n cinayet oldu\u011funa dair kuvvetli \u015f\u00fcpheler ortaya \u00e7\u0131kt\u0131. Olayla ilgili 5 \u015f\u00fcpheli hakk\u0131nda a\u011f\u0131rla\u015ft\u0131r\u0131lm\u0131\u015f m\u00fcebbet hapis istemiyle dava a\u00e7\u0131ld\u0131.<br \/>\n<br \/>Olay, 13 May\u0131s 2018 g\u00fcn\u00fc Narl\u0131dere il\u00e7esinde bulunan bir in\u015faat firmas\u0131n\u0131n \u015fantiyesinde meydana geldi. Edinilen bilgiye g\u00f6re, TSK\u2019da \u00f6nemli kademelerde g\u00f6rev alan Emekli T\u00fcmgeneral Ethem B\u00fcy\u00fck\u0131\u015f\u0131k\u2019\u0131n o\u011flu Dorukhan B\u00fcy\u00fck\u0131\u015f\u0131k (26), gece saatlerinde do\u011fa y\u00fcr\u00fcy\u00fc\u015f\u00fc yapmak i\u00e7in d\u0131\u015far\u0131 \u00e7\u0131kt\u0131. Sabah saatlerinde ise Dorukhan B\u00fcy\u00fck\u0131\u015f\u0131k\u2019\u0131n cans\u0131z bedeni, evinin 600 metre ilerisinde bir in\u015faat firmas\u0131n\u0131n \u015fantiyesinin istinat duvar\u0131nda bulundu. Olay, kay\u0131tlara \u2019y\u00fcksekten d\u00fc\u015fme\u2019 olarak ge\u00e7ti. Ald\u0131\u011f\u0131 bir i\u015f teklifi sonras\u0131 Rusya\u2019ya gitmeye haz\u0131rlanan Dorukhan B\u00fcy\u00fck\u0131\u015f\u0131k\u2019\u0131n intihar etmesinin m\u00fcmk\u00fcn olamayaca\u011f\u0131n\u0131 \u00f6ne s\u00fcren baba B\u00fcy\u00fck\u0131\u015f\u0131k, o\u011flunun bedeninde y\u00fcksekten d\u00fc\u015fme izlerinin olmad\u0131\u011f\u0131n\u0131 iddia etti. Olay yerinde incelemelerde bulunan Adli T\u0131p Uzman\u0131\u2019n\u0131n tuttu\u011fu &#8220;Y\u00fcksekte d\u00fc\u015fme bulgusu yoktur. Otopsi yap\u0131lmal\u0131d\u0131r&#8221; raporu bulundu\u011funu da ileri s\u00fcren baba Ethem B\u00fcy\u00fck\u0131\u015f\u0131k, o\u011flunun \u00f6l\u00fcm\u00fcndeki s\u0131r perdesini aralamak i\u00e7in m\u00fccadele ba\u015flatt\u0131.<\/p>\n<p>T\u00fcm ihtimaller masaya yat\u0131r\u0131ld\u0131<br \/>\n<br \/>Olay\u0131n ard\u0131ndan geni\u015f \u00e7apl\u0131 inceleme ba\u015flatan \u0130zmir Cumhuriyet Ba\u015fsavc\u0131l\u0131\u011f\u0131, olay yeri kamera g\u00f6r\u00fcnt\u00fcleri, 112 ihbar kay\u0131tlar\u0131, telefon sinyalleri (HTS ve GPRS), adli t\u0131p raporlar\u0131 ve kriminal incelemeler dahil olmak \u00fczere her t\u00fcrl\u00fc delili detayl\u0131 bir \u015fekilde toplad\u0131. T\u00fcrkiye Da\u011fc\u0131l\u0131k Federasyonu uzmanlar\u0131n\u0131n da kat\u0131ld\u0131\u011f\u0131 olay yeri incelemesinde, B\u00fcy\u00fcki\u015f\u0131k\u2019\u0131n cesedinin bulundu\u011fu konuma 27 metre y\u00fckseklikten d\u00fc\u015ferek gelmi\u015f olmas\u0131n\u0131n m\u00fcmk\u00fcn olmad\u0131\u011f\u0131 tespit edildi. Ayr\u0131ca, maktul\u00fcn s\u0131rt b\u00f6lgesine sert ve etkili bir cisimle vuruldu\u011funa dair tespitlere ula\u015f\u0131ld\u0131.<\/p>\n<p>\u015e\u00fcphelilerden \u00e7eli\u015fkili ifadeler<br \/>\n<br \/>Olay g\u00fcn\u00fc \u015fantiyede g\u00f6revli olan bek\u00e7iler H.K, H.A, T.\u00c7, A.G. ve \u00e7al\u0131\u015fan B.\u00c7.\u2019nin ifadelerinde ciddi \u00e7eli\u015fkiler oldu\u011fu belirtildi. \u015e\u00fcphelilerin birbirleriyle ve olay saatiyle ilgili beyanlar\u0131n\u0131n uyu\u015fmamas\u0131 soru\u015fturmay\u0131 derinle\u015ftirdi. Toplanan deliller ve uzman raporlar\u0131 do\u011frultusunda, B\u00fcy\u00fcki\u015f\u0131k\u2019\u0131n kasten \u00f6ld\u00fcr\u00fcld\u00fc\u011f\u00fc ve cesedinin sonradan bulundu\u011fu yere getirildi\u011fi de\u011ferlendirildi.<\/p>\n<p>Kasten \u00f6ld\u00fcrme su\u00e7undan dava a\u00e7\u0131ld\u0131<br \/>\n<br \/>Elde edilen tespitler neticesinde, olay yerinde bulunan \u015f\u00fcpheliler hakk\u0131nda TCK\u2019n\u0131n 81\/1. maddesi uyar\u0131nca kasten \u00f6ld\u00fcrme su\u00e7undan m\u00fcebbet hapis istemiyle \u0130zmir A\u011f\u0131r Ceza Mahkemesi\u2019nde kamu davas\u0131 a\u00e7\u0131ld\u0131.<\/p>\n<p>8 polis hakim kar\u015f\u0131s\u0131na \u00e7\u0131kacak<br \/>\n<br \/>\u00d6te yandan, olayla ilgili cinayet mahallinde g\u00f6rev yapan 8 polis hakk\u0131nda &#8220;G\u00f6revi k\u00f6t\u00fcye kullanmak&#8221; su\u00e7lamas\u0131yla dava a\u00e7\u0131lm\u0131\u015ft\u0131. Polis memurlar\u0131n\u0131n, \u00f6n\u00fcm\u00fczdeki g\u00fcnlerde \u0130zmir 2\u2019inci Asliye Ceza Mahkemesi\u2019nde yarg\u0131lanmalar\u0131na ba\u015flanacak.<br \/><\/p>\n","protected":false},"excerpt":{"rendered":"<p>\u0130zmir\u2019in Narl\u0131dere il\u00e7esinde, 7 y\u0131l \u00f6nce in\u015faat \u015fantiyesinde \u00f6l\u00fc olarak bulunan 26 ya\u015f\u0131ndaki Dorukhan B\u00fcy\u00fcki\u015f\u0131k\u2019\u0131n \u00f6l\u00fcm\u00fcne ili\u015fkin y\u00fcr\u00fct\u00fclen soru\u015fturmada \u00f6nemli geli\u015fme ya\u015fand\u0131. \u0130zmir Cumhuriyet Ba\u015fsavc\u0131l\u0131\u011f\u0131\u2019n\u0131n titizlikle y\u00fcr\u00fctt\u00fc\u011f\u00fc soru\u015fturma sonucunda, olay\u0131n cinayet oldu\u011funa dair kuvvetli \u015f\u00fcpheler ortaya \u00e7\u0131kt\u0131. Olayla ilgili 5 \u015f\u00fcpheli hakk\u0131nda a\u011f\u0131rla\u015ft\u0131r\u0131lm\u0131\u015f m\u00fcebbet hapis istemiyle dava a\u00e7\u0131ld\u0131. Olay, 13 May\u0131s 2018 g\u00fcn\u00fc Narl\u0131dere il\u00e7esinde&#8230;<\/p>\n","protected":false},"author":1,"featured_media":28759,"comment_status":"open","ping_status":"open","sticky":false,"template":"","format":"standard","meta":{"_crdt_document":"","footnotes":""},"categories":[5],"tags":[],"class_list":["post-28758","post","type-post","status-publish","format-standard","has-post-thumbnail","hentry","category-asayis"],"_links":{"self":[{"href":"https:\/\/www.egemtv.com\/index.php?rest_route=\/wp\/v2\/posts\/28758","targetHints":{"allow":["GET"]}}],"collection":[{"href":"https:\/\/www.egemtv.com\/index.php?rest_route=\/wp\/v2\/posts"}],"about":[{"href":"https:\/\/www.egemtv.com\/index.php?rest_route=\/wp\/v2\/types\/post"}],"author":[{"embeddable":true,"href":"https:\/\/www.egemtv.com\/index.php?rest_route=\/wp\/v2\/users\/1"}],"replies":[{"embeddable":true,"href":"https:\/\/www.egemtv.com\/index.php?rest_route=%2Fwp%2Fv2%2Fcomments&post=28758"}],"version-history":[{"count":1,"href":"https:\/\/www.egemtv.com\/index.php?rest_route=\/wp\/v2\/posts\/28758\/revisions"}],"predecessor-version":[{"id":28760,"href":"https:\/\/www.egemtv.com\/index.php?rest_route=\/wp\/v2\/posts\/28758\/revisions\/28760"}],"wp:featuredmedia":[{"embeddable":true,"href":"https:\/\/www.egemtv.com\/index.php?rest_route=\/wp\/v2\/media\/28759"}],"wp:attachment":[{"href":"https:\/\/www.egemtv.com\/index.php?rest_route=%2Fwp%2Fv2%2Fmedia&parent=28758"}],"wp:term":[{"taxonomy":"category","embeddable":true,"href":"https:\/\/www.egemtv.com\/index.php?rest_route=%2Fwp%2Fv2%2Fcategories&post=28758"},{"taxonomy":"post_tag","embeddable":true,"href":"https:\/\/www.egemtv.com\/index.php?rest_route=%2Fwp%2Fv2%2Ftags&post=28758"}],"curies":[{"name":"wp","href":"https:\/\/api.w.org\/{rel}","templated":true}]}}