{"id":28752,"date":"2025-05-14T15:57:29","date_gmt":"2025-05-14T12:57:29","guid":{"rendered":"https:\/\/www.egemtv.com\/?p=28752"},"modified":"2025-05-14T15:57:34","modified_gmt":"2025-05-14T12:57:34","slug":"sokede-minik-yureklerden-eksik-parcam-sensin-sergisi","status":"publish","type":"post","link":"https:\/\/www.egemtv.com\/?p=28752","title":{"rendered":"S\u00f6ke\u2019de minik y\u00fcreklerden &#8220;Eksik Par\u00e7am Sensin&#8221; sergisi"},"content":{"rendered":"<p>S\u00f6ke Hac\u0131kaz\u0131mo\u011flu \u0130lkokulu 3\/A s\u0131n\u0131f\u0131 \u00f6\u011frencileri, 2025 Aile Y\u0131l\u0131 kapsam\u0131nda anlaml\u0131 bir etkinli\u011fe imza att\u0131. &#8220;Eksik Par\u00e7am Sensin&#8221; ad\u0131yla S\u00f6ke Belediye Meydan\u0131\u2019nda d\u00fczenlenen etkinlikte, \u00f6\u011frencilerin aileleriyle birlikte yapt\u0131klar\u0131 puzzle \u00e7al\u0131\u015fmalar\u0131 sergilendi.<\/p>\n<p>Etkinlik kapsam\u0131nda haz\u0131rlanan eserler, sergi alan\u0131nda sat\u0131\u015fa sunuldu. Elde edilen t\u00fcm gelir ise L\u00f6semili \u00c7ocuklar Vakf\u0131\u2019na (L\u00d6SEV) ba\u011f\u0131\u015flanacak. Bu \u00f6rnek davran\u0131\u015f, hem \u00f6\u011frencilerden hem de ziyaret\u00e7ilerden b\u00fcy\u00fck takdir toplad\u0131.<\/p>\n<p>Serginin a\u00e7\u0131l\u0131\u015f\u0131na S\u00f6ke Kaymakam\u0131 Ali Ak\u00e7a, S\u00f6ke Belediye Ba\u015fkan\u0131 Dr. Mustafa \u0130berya Ar\u0131kan, \u0130l\u00e7e Milli E\u011fitim M\u00fcd\u00fcr\u00fc \u015eerafettin Yap\u0131c\u0131 da kat\u0131ld\u0131.<\/p>\n<p>Minik \u00f6\u011frencilerle yak\u0131ndan ilgilenen protokol \u00fcyeleri, sergilenen eserleri inceledi ve eme\u011fi ge\u00e7en \u00f6\u011fretmenleri tebrik etti.<\/p>\n<p>Aile de\u011ferlerine vurgu yapan ve sosyal sorumluluk bilinci a\u015f\u0131layan etkinlikte, S\u00f6ke Halk E\u011fitim Merkezi halk oyunu kursiyerleri ve \u00f6\u011frencileri dans g\u00f6sterileri de sundu.<br \/><\/p>\n","protected":false},"excerpt":{"rendered":"<p>S\u00f6ke Hac\u0131kaz\u0131mo\u011flu \u0130lkokulu 3\/A s\u0131n\u0131f\u0131 \u00f6\u011frencileri, 2025 Aile Y\u0131l\u0131 kapsam\u0131nda anlaml\u0131 bir etkinli\u011fe imza att\u0131. &#8220;Eksik Par\u00e7am Sensin&#8221; ad\u0131yla S\u00f6ke Belediye Meydan\u0131\u2019nda d\u00fczenlenen etkinlikte, \u00f6\u011frencilerin aileleriyle birlikte yapt\u0131klar\u0131 puzzle \u00e7al\u0131\u015fmalar\u0131 sergilendi. Etkinlik kapsam\u0131nda haz\u0131rlanan eserler, sergi alan\u0131nda sat\u0131\u015fa sunuldu. Elde edilen t\u00fcm gelir ise L\u00f6semili \u00c7ocuklar Vakf\u0131\u2019na (L\u00d6SEV) ba\u011f\u0131\u015flanacak. Bu \u00f6rnek davran\u0131\u015f, hem \u00f6\u011frencilerden hem&#8230;<\/p>\n","protected":false},"author":1,"featured_media":28753,"comment_status":"open","ping_status":"open","sticky":false,"template":"","format":"standard","meta":{"_crdt_document":"","footnotes":""},"categories":[1],"tags":[],"class_list":["post-28752","post","type-post","status-publish","format-standard","has-post-thumbnail","hentry","category-guncel"],"_links":{"self":[{"href":"https:\/\/www.egemtv.com\/index.php?rest_route=\/wp\/v2\/posts\/28752","targetHints":{"allow":["GET"]}}],"collection":[{"href":"https:\/\/www.egemtv.com\/index.php?rest_route=\/wp\/v2\/posts"}],"about":[{"href":"https:\/\/www.egemtv.com\/index.php?rest_route=\/wp\/v2\/types\/post"}],"author":[{"embeddable":true,"href":"https:\/\/www.egemtv.com\/index.php?rest_route=\/wp\/v2\/users\/1"}],"replies":[{"embeddable":true,"href":"https:\/\/www.egemtv.com\/index.php?rest_route=%2Fwp%2Fv2%2Fcomments&post=28752"}],"version-history":[{"count":1,"href":"https:\/\/www.egemtv.com\/index.php?rest_route=\/wp\/v2\/posts\/28752\/revisions"}],"predecessor-version":[{"id":28754,"href":"https:\/\/www.egemtv.com\/index.php?rest_route=\/wp\/v2\/posts\/28752\/revisions\/28754"}],"wp:featuredmedia":[{"embeddable":true,"href":"https:\/\/www.egemtv.com\/index.php?rest_route=\/wp\/v2\/media\/28753"}],"wp:attachment":[{"href":"https:\/\/www.egemtv.com\/index.php?rest_route=%2Fwp%2Fv2%2Fmedia&parent=28752"}],"wp:term":[{"taxonomy":"category","embeddable":true,"href":"https:\/\/www.egemtv.com\/index.php?rest_route=%2Fwp%2Fv2%2Fcategories&post=28752"},{"taxonomy":"post_tag","embeddable":true,"href":"https:\/\/www.egemtv.com\/index.php?rest_route=%2Fwp%2Fv2%2Ftags&post=28752"}],"curies":[{"name":"wp","href":"https:\/\/api.w.org\/{rel}","templated":true}]}}