{"id":28749,"date":"2025-05-14T15:57:23","date_gmt":"2025-05-14T12:57:23","guid":{"rendered":"https:\/\/www.egemtv.com\/?p=28749"},"modified":"2025-05-14T15:57:29","modified_gmt":"2025-05-14T12:57:29","slug":"sokede-ozel-ogrencilerden-bilim-sergisi","status":"publish","type":"post","link":"https:\/\/www.egemtv.com\/?p=28749","title":{"rendered":"S\u00f6ke\u2019de \u00f6zel \u00f6\u011frencilerden bilim sergisi"},"content":{"rendered":"<p>K\u0131ryarlar \u00d6zel E\u011fitim Uygulama Okulu\u2019nun \u00f6zel \u00f6\u011frencileri, Bilim Fuarlar\u0131 Destekleme Program\u0131 kapsam\u0131nda anlaml\u0131 bir sergi haz\u0131rlad\u0131.<\/p>\n<p>Serginin a\u00e7\u0131l\u0131\u015f t\u00f6renine \u0130l\u00e7e Kaymakam\u0131 Ali Ak\u00e7a, S\u00f6ke Belediye Ba\u015fkan Yard\u0131mc\u0131s\u0131 Ya\u011f\u0131z Pulluk\u00e7u, \u0130l\u00e7e Milli E\u011fitim M\u00fcd\u00fcr\u00fc \u015eerafettin Yap\u0131c\u0131 ba\u015fta olmak \u00fczere davetliler, \u00f6\u011fretmen ve \u00f6\u011frenciler kat\u0131ld\u0131.<br \/>\n<br \/>Okul m\u00fcd\u00fcr\u00fc Burcu Pakal\u0131n sergi ile ilgili yapt\u0131\u011f\u0131 konu\u015fmas\u0131nda \u00f6\u011frencilerin bilimsel d\u00fc\u015f\u00fcnme becerilerini geli\u015ftirmek ve topluma bilimsel bak\u0131\u015f kazand\u0131rmak amac\u0131yla d\u00fczenlendikleri sergide; \u00f6\u011frencilerin, \u00f6\u011fretmenlerin ba\u015far\u0131l\u0131 \u00e7al\u0131\u015fmalar ortaya koyduklar\u0131n\u0131 s\u00f6yledi.<\/p>\n<p>Proje y\u00fcr\u00fct\u00fcc\u00fcl\u00fc\u011f\u00fcn\u00fc Hasan Ok (III. Kademe) ve Z\u00fcbeyde Aky\u00fcz (II. Kademe) \u2018\u00fcn \u00fcstlendi\u011fi sergi kat\u0131l\u0131mc\u0131lar\u0131n be\u011fenisi toplarken, \u00f6zel \u00f6\u011frenciler a\u00e7\u0131l\u0131\u015f t\u00f6reninde \u00e7e\u015fitli g\u00f6steriler de sundu.<br \/><\/p>\n","protected":false},"excerpt":{"rendered":"<p>K\u0131ryarlar \u00d6zel E\u011fitim Uygulama Okulu\u2019nun \u00f6zel \u00f6\u011frencileri, Bilim Fuarlar\u0131 Destekleme Program\u0131 kapsam\u0131nda anlaml\u0131 bir sergi haz\u0131rlad\u0131. Serginin a\u00e7\u0131l\u0131\u015f t\u00f6renine \u0130l\u00e7e Kaymakam\u0131 Ali Ak\u00e7a, S\u00f6ke Belediye Ba\u015fkan Yard\u0131mc\u0131s\u0131 Ya\u011f\u0131z Pulluk\u00e7u, \u0130l\u00e7e Milli E\u011fitim M\u00fcd\u00fcr\u00fc \u015eerafettin Yap\u0131c\u0131 ba\u015fta olmak \u00fczere davetliler, \u00f6\u011fretmen ve \u00f6\u011frenciler kat\u0131ld\u0131. Okul m\u00fcd\u00fcr\u00fc Burcu Pakal\u0131n sergi ile ilgili yapt\u0131\u011f\u0131 konu\u015fmas\u0131nda \u00f6\u011frencilerin bilimsel d\u00fc\u015f\u00fcnme&#8230;<\/p>\n","protected":false},"author":1,"featured_media":28750,"comment_status":"open","ping_status":"open","sticky":false,"template":"","format":"standard","meta":{"_crdt_document":"","footnotes":""},"categories":[1],"tags":[],"class_list":["post-28749","post","type-post","status-publish","format-standard","has-post-thumbnail","hentry","category-guncel"],"_links":{"self":[{"href":"https:\/\/www.egemtv.com\/index.php?rest_route=\/wp\/v2\/posts\/28749","targetHints":{"allow":["GET"]}}],"collection":[{"href":"https:\/\/www.egemtv.com\/index.php?rest_route=\/wp\/v2\/posts"}],"about":[{"href":"https:\/\/www.egemtv.com\/index.php?rest_route=\/wp\/v2\/types\/post"}],"author":[{"embeddable":true,"href":"https:\/\/www.egemtv.com\/index.php?rest_route=\/wp\/v2\/users\/1"}],"replies":[{"embeddable":true,"href":"https:\/\/www.egemtv.com\/index.php?rest_route=%2Fwp%2Fv2%2Fcomments&post=28749"}],"version-history":[{"count":1,"href":"https:\/\/www.egemtv.com\/index.php?rest_route=\/wp\/v2\/posts\/28749\/revisions"}],"predecessor-version":[{"id":28751,"href":"https:\/\/www.egemtv.com\/index.php?rest_route=\/wp\/v2\/posts\/28749\/revisions\/28751"}],"wp:featuredmedia":[{"embeddable":true,"href":"https:\/\/www.egemtv.com\/index.php?rest_route=\/wp\/v2\/media\/28750"}],"wp:attachment":[{"href":"https:\/\/www.egemtv.com\/index.php?rest_route=%2Fwp%2Fv2%2Fmedia&parent=28749"}],"wp:term":[{"taxonomy":"category","embeddable":true,"href":"https:\/\/www.egemtv.com\/index.php?rest_route=%2Fwp%2Fv2%2Fcategories&post=28749"},{"taxonomy":"post_tag","embeddable":true,"href":"https:\/\/www.egemtv.com\/index.php?rest_route=%2Fwp%2Fv2%2Ftags&post=28749"}],"curies":[{"name":"wp","href":"https:\/\/api.w.org\/{rel}","templated":true}]}}