{"id":28743,"date":"2025-05-14T15:57:17","date_gmt":"2025-05-14T12:57:17","guid":{"rendered":"https:\/\/www.egemtv.com\/?p=28743"},"modified":"2025-05-14T15:57:18","modified_gmt":"2025-05-14T12:57:18","slug":"yasli-kadin-kaldirimda-dusup-kafasini-vurdu-vatandas-buca-belediyesine-isyan-etti","status":"publish","type":"post","link":"https:\/\/www.egemtv.com\/?p=28743","title":{"rendered":"Ya\u015fl\u0131 kad\u0131n kald\u0131r\u0131mda d\u00fc\u015f\u00fcp kafas\u0131n\u0131 vurdu, vatanda\u015f Buca Belediyesine isyan etti"},"content":{"rendered":"<p>\u0130zmir\u2019in Buca il\u00e7esinde yoldaki bozuk kald\u0131r\u0131mda y\u00fcr\u00fcrken aya\u011f\u0131 tak\u0131lan ya\u015fl\u0131 bir kad\u0131n d\u00fc\u015ferek yere kafas\u0131n\u0131 vurdu. Kad\u0131na yard\u0131m etmek i\u00e7in yan\u0131na giden vatanda\u015flar ise bozuk kald\u0131r\u0131m ile ilgilenmedi\u011fini s\u00f6yledi\u011fi Buca Belediyesi\u2019ne \u2019Hi\u00e7 bir \u00e7al\u0131\u015fman\u0131z yok, b\u00f6yle bir rezillik&#8230;\u2019 diyerek tepki g\u00f6sterdi.<br \/>\n<br \/>Bug\u00fcn \u00f6\u011fle saatlerinde Buca \u015eirinyer\u2019de y\u00fcr\u00fcyen ya\u015fl\u0131 bir kad\u0131n, bozuk olan kald\u0131r\u0131mda aya\u011f\u0131 tak\u0131larak yere d\u00fc\u015ft\u00fc. \u00c7evredeki vatanda\u015flar da kafas\u0131n\u0131 yere vuran kad\u0131na yard\u0131m etmek yan\u0131na gitti. Bozuk kald\u0131r\u0131mlardan dolay\u0131 insanlar\u0131n tak\u0131l\u0131p yere d\u00fc\u015ft\u00fc\u011f\u00fcn\u00fc s\u00f6yleyen vatanda\u015f, cep telefonu kameras\u0131 ile kald\u0131r\u0131mlar\u0131 g\u00f6r\u00fcnt\u00fcledi.<\/p>\n<p>&#8220;Hi\u00e7 bir \u00e7al\u0131\u015fman\u0131z yol&#8221;<br \/>\n<br \/>Kald\u0131r\u0131mlar\u0131 kayda alan vatanda\u015f, bozuk yollardan dolay\u0131 Buca Belediyesine tepki g\u00f6sterdi. Vatanda\u015f, &#8220;Yapt\u0131\u011f\u0131n\u0131z berbat kald\u0131r\u0131mlardan dolay\u0131 ya\u015fl\u0131 bir insan d\u00fc\u015ft\u00fc ve kafas\u0131n\u0131 vurdu. Lanet olsun hi\u00e7 bir \u00e7al\u0131\u015fman\u0131z yok Buca Belediyesi olarak. B\u00f6yle bir rezillik; yaz\u0131k&#8230;&#8221; dedi.<br \/><\/p>\n","protected":false},"excerpt":{"rendered":"<p>\u0130zmir\u2019in Buca il\u00e7esinde yoldaki bozuk kald\u0131r\u0131mda y\u00fcr\u00fcrken aya\u011f\u0131 tak\u0131lan ya\u015fl\u0131 bir kad\u0131n d\u00fc\u015ferek yere kafas\u0131n\u0131 vurdu. Kad\u0131na yard\u0131m etmek i\u00e7in yan\u0131na giden vatanda\u015flar ise bozuk kald\u0131r\u0131m ile ilgilenmedi\u011fini s\u00f6yledi\u011fi Buca Belediyesi\u2019ne \u2019Hi\u00e7 bir \u00e7al\u0131\u015fman\u0131z yok, b\u00f6yle bir rezillik&#8230;\u2019 diyerek tepki g\u00f6sterdi. Bug\u00fcn \u00f6\u011fle saatlerinde Buca \u015eirinyer\u2019de y\u00fcr\u00fcyen ya\u015fl\u0131 bir kad\u0131n, bozuk olan kald\u0131r\u0131mda aya\u011f\u0131 tak\u0131larak&#8230;<\/p>\n","protected":false},"author":1,"featured_media":28744,"comment_status":"open","ping_status":"open","sticky":false,"template":"","format":"standard","meta":{"_crdt_document":"","footnotes":""},"categories":[5],"tags":[],"class_list":["post-28743","post","type-post","status-publish","format-standard","has-post-thumbnail","hentry","category-asayis"],"_links":{"self":[{"href":"https:\/\/www.egemtv.com\/index.php?rest_route=\/wp\/v2\/posts\/28743","targetHints":{"allow":["GET"]}}],"collection":[{"href":"https:\/\/www.egemtv.com\/index.php?rest_route=\/wp\/v2\/posts"}],"about":[{"href":"https:\/\/www.egemtv.com\/index.php?rest_route=\/wp\/v2\/types\/post"}],"author":[{"embeddable":true,"href":"https:\/\/www.egemtv.com\/index.php?rest_route=\/wp\/v2\/users\/1"}],"replies":[{"embeddable":true,"href":"https:\/\/www.egemtv.com\/index.php?rest_route=%2Fwp%2Fv2%2Fcomments&post=28743"}],"version-history":[{"count":1,"href":"https:\/\/www.egemtv.com\/index.php?rest_route=\/wp\/v2\/posts\/28743\/revisions"}],"predecessor-version":[{"id":28745,"href":"https:\/\/www.egemtv.com\/index.php?rest_route=\/wp\/v2\/posts\/28743\/revisions\/28745"}],"wp:featuredmedia":[{"embeddable":true,"href":"https:\/\/www.egemtv.com\/index.php?rest_route=\/wp\/v2\/media\/28744"}],"wp:attachment":[{"href":"https:\/\/www.egemtv.com\/index.php?rest_route=%2Fwp%2Fv2%2Fmedia&parent=28743"}],"wp:term":[{"taxonomy":"category","embeddable":true,"href":"https:\/\/www.egemtv.com\/index.php?rest_route=%2Fwp%2Fv2%2Fcategories&post=28743"},{"taxonomy":"post_tag","embeddable":true,"href":"https:\/\/www.egemtv.com\/index.php?rest_route=%2Fwp%2Fv2%2Ftags&post=28743"}],"curies":[{"name":"wp","href":"https:\/\/api.w.org\/{rel}","templated":true}]}}