{"id":28740,"date":"2025-05-14T15:36:38","date_gmt":"2025-05-14T12:36:38","guid":{"rendered":"https:\/\/www.egemtv.com\/?p=28740"},"modified":"2025-05-14T15:36:43","modified_gmt":"2025-05-14T12:36:43","slug":"kurban-kesip-yagmur-icin-dua-ettiler","status":"publish","type":"post","link":"https:\/\/www.egemtv.com\/?p=28740","title":{"rendered":"Kurban kesip ya\u011fmur i\u00e7in dua ettiler"},"content":{"rendered":"<p>Denizli\u2019nin y\u00fcz y\u0131llard\u0131r devam eden gelenek bu y\u0131l \u00c7ardak il\u00e7esinde ya\u015fat\u0131ld\u0131.  Kimya zirvesinde bulu\u015fan y\u00fczlerce vatanda\u015f, kurban kesip ya\u011fmur i\u00e7in dua etti.<\/p>\n<p>Denizli\u2019nin \u00c7ardak il\u00e7esi s\u0131n\u0131rlar\u0131 i\u00e7inde bulunan Beylerli Da\u011f\u0131nda y\u00fcz y\u0131llard\u0131r yap\u0131lan ya\u011fmur duas\u0131 gelene\u011fi bu y\u0131l da s\u00fcrd\u00fcr\u00fcld\u00fc. Beylerli Da\u011f\u0131n\u0131n yakla\u015f\u0131k bin metre rak\u0131mda bulunan Kimya mevkiinde bir araya gelen y\u00fczlerce vatanda\u015f, kurban kesip ya\u011fmur duas\u0131na kat\u0131ld\u0131.<\/p>\n<p>Kimya\u2019da ya\u011fmur duas\u0131 gelene\u011finin y\u00fcz y\u0131llard\u0131r May\u0131s ay\u0131 i\u00e7inde yap\u0131ld\u0131\u011f\u0131n\u0131 anlatan Mustafa Aba\u015f, &#8220;Kimya zirvesi, \u00c7ardak ve \u00e7evresinde ya\u015fayanlar i\u00e7in \u00f6nemli ve k\u0131ymetli bir yerdir. Da\u011fda yakla\u015f\u0131k bin rak\u0131mda bulunan halk\u0131n \u2018Kimya\u2019 ad\u0131n\u0131 verdi\u011fi mevkii de bu rit\u00fcel her sene ayn\u0131 \u015fekilde yap\u0131l\u0131r. Dualarla, tekbirlerle Kimya Mevkii\u2019ne y\u00fcr\u00fcyerek \u00e7\u0131kar\u0131z. Burada kurbanlar\u0131m\u0131z\u0131 Allah r\u0131zas\u0131 i\u00e7in kesip akci\u011ferlerini kurumu\u015f ulu bir a\u011fac\u0131n \u00fczerine asar\u0131z. Kesti\u011fimiz kurbanlardan yemek yap\u0131p duaya kat\u0131lanlara ikram ederiz. Bu y\u0131lda ya\u011fmur duam\u0131za ilgi y\u00fcksek oldu. Uzaktan yak\u0131ndan gelenlerle birlikte ya\u011fmur duam\u0131z\u0131 yapt\u0131k. Dualar\u0131m\u0131z\u0131 yapt\u0131k, toplu k\u0131l\u0131nan \u00f6\u011fle namaz\u0131n\u0131n ard\u0131nda da etkinli\u011fimizi tamamlad\u0131k. Y\u00fczy\u0131llard\u0131r \u00f6rf ve adetlerimize g\u00f6re bu y\u0131lda Kimya etkinli\u011fimizi tamamlad\u0131k. \u0130n\u015fallah Allah\u2019\u0131m yapt\u0131\u011f\u0131m\u0131z dualar\u0131m\u0131z\u0131 kabul etsin. Mahsullerimizi, topraklar\u0131m\u0131z\u0131 ya\u011fmursuz, rahmetinden mahrum b\u0131rakmas\u0131n. Hi\u00e7bir davet olmadan zirvede bizimle olup duaya amin diyenlere de \u00e7ok te\u015fekk\u00fcr ediyorum. Gelecek y\u0131llarda da Kimya zirvesinde dualar\u0131m\u0131z\u0131 yapmaya devam edece\u011fiz&#8221; diye konu\u015ftu.<br \/><\/p>\n","protected":false},"excerpt":{"rendered":"<p>Denizli\u2019nin y\u00fcz y\u0131llard\u0131r devam eden gelenek bu y\u0131l \u00c7ardak il\u00e7esinde ya\u015fat\u0131ld\u0131. Kimya zirvesinde bulu\u015fan y\u00fczlerce vatanda\u015f, kurban kesip ya\u011fmur i\u00e7in dua etti. Denizli\u2019nin \u00c7ardak il\u00e7esi s\u0131n\u0131rlar\u0131 i\u00e7inde bulunan Beylerli Da\u011f\u0131nda y\u00fcz y\u0131llard\u0131r yap\u0131lan ya\u011fmur duas\u0131 gelene\u011fi bu y\u0131l da s\u00fcrd\u00fcr\u00fcld\u00fc. Beylerli Da\u011f\u0131n\u0131n yakla\u015f\u0131k bin metre rak\u0131mda bulunan Kimya mevkiinde bir araya gelen y\u00fczlerce vatanda\u015f, kurban&#8230;<\/p>\n","protected":false},"author":1,"featured_media":28741,"comment_status":"open","ping_status":"open","sticky":false,"template":"","format":"standard","meta":{"_crdt_document":"","footnotes":""},"categories":[1],"tags":[],"class_list":["post-28740","post","type-post","status-publish","format-standard","has-post-thumbnail","hentry","category-guncel"],"_links":{"self":[{"href":"https:\/\/www.egemtv.com\/index.php?rest_route=\/wp\/v2\/posts\/28740","targetHints":{"allow":["GET"]}}],"collection":[{"href":"https:\/\/www.egemtv.com\/index.php?rest_route=\/wp\/v2\/posts"}],"about":[{"href":"https:\/\/www.egemtv.com\/index.php?rest_route=\/wp\/v2\/types\/post"}],"author":[{"embeddable":true,"href":"https:\/\/www.egemtv.com\/index.php?rest_route=\/wp\/v2\/users\/1"}],"replies":[{"embeddable":true,"href":"https:\/\/www.egemtv.com\/index.php?rest_route=%2Fwp%2Fv2%2Fcomments&post=28740"}],"version-history":[{"count":1,"href":"https:\/\/www.egemtv.com\/index.php?rest_route=\/wp\/v2\/posts\/28740\/revisions"}],"predecessor-version":[{"id":28742,"href":"https:\/\/www.egemtv.com\/index.php?rest_route=\/wp\/v2\/posts\/28740\/revisions\/28742"}],"wp:featuredmedia":[{"embeddable":true,"href":"https:\/\/www.egemtv.com\/index.php?rest_route=\/wp\/v2\/media\/28741"}],"wp:attachment":[{"href":"https:\/\/www.egemtv.com\/index.php?rest_route=%2Fwp%2Fv2%2Fmedia&parent=28740"}],"wp:term":[{"taxonomy":"category","embeddable":true,"href":"https:\/\/www.egemtv.com\/index.php?rest_route=%2Fwp%2Fv2%2Fcategories&post=28740"},{"taxonomy":"post_tag","embeddable":true,"href":"https:\/\/www.egemtv.com\/index.php?rest_route=%2Fwp%2Fv2%2Ftags&post=28740"}],"curies":[{"name":"wp","href":"https:\/\/api.w.org\/{rel}","templated":true}]}}