{"id":28737,"date":"2025-05-14T15:36:32","date_gmt":"2025-05-14T12:36:32","guid":{"rendered":"https:\/\/www.egemtv.com\/?p=28737"},"modified":"2025-05-14T15:36:38","modified_gmt":"2025-05-14T12:36:38","slug":"baskan-tatik-uretim-ve-emegin-yaninda-olmaya-devam-edecegiz","status":"publish","type":"post","link":"https:\/\/www.egemtv.com\/?p=28737","title":{"rendered":"Ba\u015fkan Tat\u0131k, &#8220;\u00dcretim ve eme\u011fin yan\u0131nda olmaya devam edece\u011fiz&#8221;"},"content":{"rendered":"<p>DEN\u0130ZL\u0130 (\u0130HA) \u2013 Tavas Belediye Ba\u015fkan\u0131 Kadir Tat\u0131k, D\u00fcnya \u00c7ift\u00e7iler G\u00fcn\u00fc mesaj\u0131nda;  &#8220;Topra\u011f\u0131 sevdayla i\u015fleyen, al\u0131n teriyle sofram\u0131za bereket getiren t\u00fcm \u00e7ift\u00e7ilerimizin 14 May\u0131s D\u00fcnya \u00c7ift\u00e7iler G\u00fcn\u00fc\u2019n\u00fc kutluyorum&#8221; dedi.<\/p>\n<p>Tavas Belediye Ba\u015fkan\u0131 Kadir Tat\u0131k, 14 May\u0131s D\u00fcnya \u00c7ift\u00e7iler G\u00fcn\u00fc dolay\u0131s\u0131yla bir kutlama mesaj\u0131 yay\u0131mlad\u0131. Ulu \u00f6nder Mustafa Kemal Atat\u00fcrk\u2019\u00fcn &#8220;Milletimiz \u00e7ift\u00e7idir. Milletin \u00e7ift\u00e7ilikteki \u00e7al\u0131\u015fma imkanlar\u0131n\u0131, asri be iktisadi tedbirlerle en y\u00fcksek seviyeye \u00e7\u0131karmal\u0131y\u0131z. Milli ekonominin temeli tar\u0131md\u0131r&#8221;  s\u00f6z\u00fcn\u00fc hat\u0131rlatan Ba\u015fkan Tat\u0131k, mesaj\u0131nda; &#8220;Milletin efendisi olarak g\u00f6rd\u00fc\u011f\u00fc \u00e7ift\u00e7iye her zaman b\u00fcy\u00fck de\u011fer veren Gazi Mustafa Kemal Atat\u00fcrk\u2019\u00fcn izinden giderek, \u00fcretimin ve eme\u011fin yan\u0131nda olmaya devam edece\u011fiz. Topra\u011f\u0131 sevdayla i\u015fleyen, al\u0131n teriyle sofram\u0131za bereket getiren t\u00fcm \u00e7ift\u00e7ilerimizin 14 May\u0131s D\u00fcnya \u00c7ift\u00e7iler G\u00fcn\u00fc\u2019n\u00fc kutluyorum. \u00c7ift\u00e7ilerimize ve \u00fcreticilerimize bereketli ve kazan\u00e7l\u0131 bir \u00fcretim y\u0131l\u0131 diliyorum&#8221; ifadelerini kulland\u0131.<br \/><\/p>\n","protected":false},"excerpt":{"rendered":"<p>DEN\u0130ZL\u0130 (\u0130HA) \u2013 Tavas Belediye Ba\u015fkan\u0131 Kadir Tat\u0131k, D\u00fcnya \u00c7ift\u00e7iler G\u00fcn\u00fc mesaj\u0131nda; &#8220;Topra\u011f\u0131 sevdayla i\u015fleyen, al\u0131n teriyle sofram\u0131za bereket getiren t\u00fcm \u00e7ift\u00e7ilerimizin 14 May\u0131s D\u00fcnya \u00c7ift\u00e7iler G\u00fcn\u00fc\u2019n\u00fc kutluyorum&#8221; dedi. Tavas Belediye Ba\u015fkan\u0131 Kadir Tat\u0131k, 14 May\u0131s D\u00fcnya \u00c7ift\u00e7iler G\u00fcn\u00fc dolay\u0131s\u0131yla bir kutlama mesaj\u0131 yay\u0131mlad\u0131. Ulu \u00f6nder Mustafa Kemal Atat\u00fcrk\u2019\u00fcn &#8220;Milletimiz \u00e7ift\u00e7idir. Milletin \u00e7ift\u00e7ilikteki \u00e7al\u0131\u015fma imkanlar\u0131n\u0131,&#8230;<\/p>\n","protected":false},"author":1,"featured_media":28738,"comment_status":"open","ping_status":"open","sticky":false,"template":"","format":"standard","meta":{"_crdt_document":"","footnotes":""},"categories":[127],"tags":[],"class_list":["post-28737","post","type-post","status-publish","format-standard","has-post-thumbnail","hentry","category-siyaset"],"_links":{"self":[{"href":"https:\/\/www.egemtv.com\/index.php?rest_route=\/wp\/v2\/posts\/28737","targetHints":{"allow":["GET"]}}],"collection":[{"href":"https:\/\/www.egemtv.com\/index.php?rest_route=\/wp\/v2\/posts"}],"about":[{"href":"https:\/\/www.egemtv.com\/index.php?rest_route=\/wp\/v2\/types\/post"}],"author":[{"embeddable":true,"href":"https:\/\/www.egemtv.com\/index.php?rest_route=\/wp\/v2\/users\/1"}],"replies":[{"embeddable":true,"href":"https:\/\/www.egemtv.com\/index.php?rest_route=%2Fwp%2Fv2%2Fcomments&post=28737"}],"version-history":[{"count":1,"href":"https:\/\/www.egemtv.com\/index.php?rest_route=\/wp\/v2\/posts\/28737\/revisions"}],"predecessor-version":[{"id":28739,"href":"https:\/\/www.egemtv.com\/index.php?rest_route=\/wp\/v2\/posts\/28737\/revisions\/28739"}],"wp:featuredmedia":[{"embeddable":true,"href":"https:\/\/www.egemtv.com\/index.php?rest_route=\/wp\/v2\/media\/28738"}],"wp:attachment":[{"href":"https:\/\/www.egemtv.com\/index.php?rest_route=%2Fwp%2Fv2%2Fmedia&parent=28737"}],"wp:term":[{"taxonomy":"category","embeddable":true,"href":"https:\/\/www.egemtv.com\/index.php?rest_route=%2Fwp%2Fv2%2Fcategories&post=28737"},{"taxonomy":"post_tag","embeddable":true,"href":"https:\/\/www.egemtv.com\/index.php?rest_route=%2Fwp%2Fv2%2Ftags&post=28737"}],"curies":[{"name":"wp","href":"https:\/\/api.w.org\/{rel}","templated":true}]}}