{"id":28734,"date":"2025-05-14T15:16:32","date_gmt":"2025-05-14T12:16:32","guid":{"rendered":"https:\/\/www.egemtv.com\/?p=28734"},"modified":"2025-05-14T15:16:37","modified_gmt":"2025-05-14T12:16:37","slug":"kulali-avukatlar-yemekte-bulustu","status":"publish","type":"post","link":"https:\/\/www.egemtv.com\/?p=28734","title":{"rendered":"Kulal\u0131 avukatlar yemekte bulu\u015ftu"},"content":{"rendered":"<p>Manisa Barosu\u2019nun kurulu\u015funun 100. y\u0131l\u0131 etkinlikleri kapsam\u0131nda, Baro Ba\u015fkan\u0131 Avukat Sevgi Ba\u015fak Ye\u015fil\u2019in kat\u0131l\u0131m\u0131yla Kula\u2019daki avukatlar d\u00fczenlenen ak\u015fam yeme\u011finde bir araya geldi.<br \/>\n<br \/>Kulal\u0131 avukatlar\u0131n yan\u0131 s\u0131ra kual adliyesinde g\u00f6rev yapan Hskimler ve ailelerinin de yo\u011fun ilgi g\u00f6sterdi\u011fi etkinlikte, Manisa Barosu Kula Temsilcisi Avukat Emine Kara a\u00e7\u0131l\u0131\u015f konu\u015fmas\u0131n\u0131 ger\u00e7ekle\u015ftirdi. Kara, &#8220;Baromuzun 100. y\u0131l\u0131 vesilesiyle Kula\u2019daki meslekta\u015flar\u0131m\u0131zla bir araya gelmek istedik. Baro Ba\u015fkan\u0131m\u0131z\u0131n kat\u0131l\u0131m\u0131yla anlaml\u0131 ve g\u00fczel bir etkinlik oldu. Kat\u0131lan herkese te\u015fekk\u00fcr ediyorum,&#8221; dedi.<br \/>\n<br \/>Etkinlikte s\u00f6z alan Manisa Barosu\u2019na kay\u0131tl\u0131 en k\u0131demli avukatlardan biri olan Kulal\u0131 Avukat Nadir Ya\u011fl\u0131 ise \u015funlar\u0131 s\u00f6yledi: &#8220;Manisa Baromuza kay\u0131tl\u0131 en k\u0131demli \u00fcyelerden biri olarak burada konu\u015fma f\u0131rsat\u0131 verdi\u011finiz i\u00e7in te\u015fekk\u00fcr ediyorum. Uzun y\u0131llard\u0131r Kula\u2019da avukatl\u0131k yapmaktan b\u00fcy\u00fck gurur duyuyorum. Bug\u00fcn, baromuzun 100. y\u0131l\u0131 an\u0131s\u0131na meslekta\u015flar\u0131m\u0131zla bir arada olmak \u00e7ok k\u0131ymetli. \u00d6zellikle gen\u00e7 meslekta\u015flar\u0131m\u0131z ve kad\u0131n avukatlar\u0131m\u0131zla ayn\u0131 ortamda bulunmaktan b\u00fcy\u00fck mutluluk duyuyorum. Manisa Baromuzun k\u0131ymetli kad\u0131n ba\u015fkan\u0131 Say\u0131n Avukat Sevgi Ba\u015fak Ye\u015fil\u2019i de burada g\u00f6rmek bizler i\u00e7in ayr\u0131ca onur verici. Kat\u0131l\u0131mlar\u0131n\u0131z i\u00e7in te\u015fekk\u00fcr ediyorum.&#8221;<br \/>\n<br \/>Manisa Baro Ba\u015fkan\u0131 Avukat Sevgi Ba\u015fak Ye\u015fil de yapt\u0131\u011f\u0131 konu\u015fmada, &#8220;100. kurulu\u015f y\u0131l\u0131m\u0131zda meslekta\u015flar\u0131m\u0131zla bir arada olmay\u0131, dayan\u0131\u015fmam\u0131z\u0131 g\u00fc\u00e7lendirmeyi hedefliyoruz. Bu kapsamda il\u00e7e ziyaretlerimize devam ediyoruz. 23 May\u0131s tarihinde Manisa merkezde, t\u00fcm il\u00e7e ve merkezden avukat meslekta\u015flar\u0131m\u0131z\u0131n kat\u0131l\u0131m\u0131yla b\u00fcy\u00fck bir gece d\u00fczenleyece\u011fiz. Buradan t\u00fcm meslekta\u015flar\u0131m\u0131z\u0131 davet ediyorum,&#8221; ifadelerini kulland\u0131.<br \/>\n<br \/>Etkinlik sonunda avukatlar ve aileleri g\u00fcn\u00fcn an\u0131s\u0131na hat\u0131ra foto\u011fraf\u0131 \u00e7ektirdi.<br \/><\/p>\n","protected":false},"excerpt":{"rendered":"<p>Manisa Barosu\u2019nun kurulu\u015funun 100. y\u0131l\u0131 etkinlikleri kapsam\u0131nda, Baro Ba\u015fkan\u0131 Avukat Sevgi Ba\u015fak Ye\u015fil\u2019in kat\u0131l\u0131m\u0131yla Kula\u2019daki avukatlar d\u00fczenlenen ak\u015fam yeme\u011finde bir araya geldi. Kulal\u0131 avukatlar\u0131n yan\u0131 s\u0131ra kual adliyesinde g\u00f6rev yapan Hskimler ve ailelerinin de yo\u011fun ilgi g\u00f6sterdi\u011fi etkinlikte, Manisa Barosu Kula Temsilcisi Avukat Emine Kara a\u00e7\u0131l\u0131\u015f konu\u015fmas\u0131n\u0131 ger\u00e7ekle\u015ftirdi. Kara, &#8220;Baromuzun 100. y\u0131l\u0131 vesilesiyle Kula\u2019daki meslekta\u015flar\u0131m\u0131zla&#8230;<\/p>\n","protected":false},"author":1,"featured_media":28735,"comment_status":"open","ping_status":"open","sticky":false,"template":"","format":"standard","meta":{"_crdt_document":"","footnotes":""},"categories":[123],"tags":[],"class_list":["post-28734","post","type-post","status-publish","format-standard","has-post-thumbnail","hentry","category-gundem"],"_links":{"self":[{"href":"https:\/\/www.egemtv.com\/index.php?rest_route=\/wp\/v2\/posts\/28734","targetHints":{"allow":["GET"]}}],"collection":[{"href":"https:\/\/www.egemtv.com\/index.php?rest_route=\/wp\/v2\/posts"}],"about":[{"href":"https:\/\/www.egemtv.com\/index.php?rest_route=\/wp\/v2\/types\/post"}],"author":[{"embeddable":true,"href":"https:\/\/www.egemtv.com\/index.php?rest_route=\/wp\/v2\/users\/1"}],"replies":[{"embeddable":true,"href":"https:\/\/www.egemtv.com\/index.php?rest_route=%2Fwp%2Fv2%2Fcomments&post=28734"}],"version-history":[{"count":1,"href":"https:\/\/www.egemtv.com\/index.php?rest_route=\/wp\/v2\/posts\/28734\/revisions"}],"predecessor-version":[{"id":28736,"href":"https:\/\/www.egemtv.com\/index.php?rest_route=\/wp\/v2\/posts\/28734\/revisions\/28736"}],"wp:featuredmedia":[{"embeddable":true,"href":"https:\/\/www.egemtv.com\/index.php?rest_route=\/wp\/v2\/media\/28735"}],"wp:attachment":[{"href":"https:\/\/www.egemtv.com\/index.php?rest_route=%2Fwp%2Fv2%2Fmedia&parent=28734"}],"wp:term":[{"taxonomy":"category","embeddable":true,"href":"https:\/\/www.egemtv.com\/index.php?rest_route=%2Fwp%2Fv2%2Fcategories&post=28734"},{"taxonomy":"post_tag","embeddable":true,"href":"https:\/\/www.egemtv.com\/index.php?rest_route=%2Fwp%2Fv2%2Ftags&post=28734"}],"curies":[{"name":"wp","href":"https:\/\/api.w.org\/{rel}","templated":true}]}}