{"id":28731,"date":"2025-05-14T15:16:26","date_gmt":"2025-05-14T12:16:26","guid":{"rendered":"https:\/\/www.egemtv.com\/?p=28731"},"modified":"2025-05-14T15:16:32","modified_gmt":"2025-05-14T12:16:32","slug":"yunusemreden-aigai-kazi-calismalarina-destek","status":"publish","type":"post","link":"https:\/\/www.egemtv.com\/?p=28731","title":{"rendered":"Yunusemre\u2019den Aigai kaz\u0131 \u00e7al\u0131\u015fmalar\u0131na destek"},"content":{"rendered":"<p>Yunusemre Belediyesi, Manisa\u2019n\u0131n \u00f6nemli turizm varl\u0131klar\u0131ndan biri olan Aigai Antik Kenti\u2019nde y\u00fcr\u00fct\u00fclecek kaz\u0131 \u00e7al\u0131\u015fmalar\u0131na lojistik destek vermeye devam ediyor.<br \/>\n<br \/>Yunusemre Belediyesi, K\u00f6seler Mahallesi yak\u0131nlar\u0131nda tarihi M.\u00d6 8. y\u00fczy\u0131la dayanan Aigai Antik Kentinde y\u00fcr\u00fct\u00fclen kaz\u0131 \u00e7al\u0131\u015fmalar\u0131na bu y\u0131l da lojistik destek verecek. Yunusemre Belediye Ba\u015fkan\u0131 Semih Balaban, \u0130l K\u00fclt\u00fcr ve Turizm M\u00fcd\u00fcr\u00fc \u0130brahim Sudak, Kaz\u0131 Ba\u015fkan\u0131 Celal Bayar \u00dcniversitesi Fen-Edebiyat Fak\u00fcltesi Arkeoloji B\u00f6l\u00fcm\u00fc \u00d6\u011fretim \u00dcyesi Prof. Dr. Yusuf Sezgin ile ger\u00e7ekle\u015ftirilen t\u00f6renle protokol imzalad\u0131. Yunusemre Belediye Ba\u015fkan\u0131 Semih Balaban,  Aigai\u2019nin, i\u00e7ine alan b\u00f6lgenin \u00e7ok \u00f6nemli bir tarihi ve arkeolojik merkezi oldu\u011funu belirterek, &#8220;Aigai, b\u00f6lgenin en \u00f6nemli turistlik antik merkezi. Buray\u0131 arkeolojik \u00e7al\u0131\u015fmalarla aya\u011fa kald\u0131r\u0131lmas\u0131na destek veriyoruz. Tarih ve do\u011fa turizmini canland\u0131rmak, k\u00f6ylerimizin, mahallelerimizin ekonomisini g\u00fc\u00e7lendirmek ve \u00fclkemize tan\u0131t\u0131m ve ekonomik anlamda katk\u0131da bulunmak istiyoruz. Protokol\u00fcm\u00fcz\u00fc 2025 y\u0131l\u0131nda da s\u00fcrd\u00fcrerek arkeolojik kaz\u0131lara destek vermeye devam ediyoruz.&#8221; dedi.<\/p>\n<p>\u2018Yunusemre Belediyesi\u2019nin deste\u011fi bizim i\u00e7in \u00f6nemli\u2019<br \/>\n<br \/>Aigai Kaz\u0131 Ba\u015fkan\u0131 Prof. Dr. Yusuf Sezgin de Aigai arkeolojik kaz\u0131lar\u0131na deste\u011fin devam\u0131ndan \u00f6t\u00fcr\u00fc Yunusemre Belediye Ba\u015fkan\u0131 Semih Balaban\u2019a te\u015fekk\u00fcr ederek &#8220;Yunusemre Belediyesi\u2019nin destekleri bizim i\u00e7in \u00e7ok \u00f6nemli. \u00c7\u00fcnk\u00fc en temel ihtiya\u00e7lar\u0131m\u0131z\u0131 Yunusemre Belediyesi kar\u015f\u0131l\u0131yor. Aigai antik kentinin b\u00f6lgemizin turizmine ve \u00fclkemizin tan\u0131t\u0131m\u0131na \u00f6nemli katk\u0131lar\u0131 olacak. Yunusemre Belediyesi\u2019nin k\u00fclt\u00fcrel mirasa, bilimsel \u00e7al\u0131\u015fmalara b\u00fcy\u00fck bir heyecanla destek vermesi bizler i\u00e7in \u00e7ok k\u0131ymetli&#8221; dedi.<br \/>\n<br \/>Aigai Antik Kenti, Herodot\u2019un &#8220;Aiolis b\u00f6lgesi&#8221; olarak bahsetti\u011fi Bat\u0131 Anadolu\u2019daki 12 Aiol kentinden biridir. \u00c7evreye h\u00e2kim bir konumdaki kayal\u0131k bir tepe \u00fczerinde bulunan kentin tarihi, M.\u00d6. 8.y\u00fczy\u0131la kadar uzan\u0131yor. M.S. 17 y\u0131l\u0131ndaki depremde b\u00fcy\u00fck \u00f6l\u00e7\u00fcde hasar g\u00f6rd\u00fc\u011f\u00fc ve onar\u0131m ge\u00e7irdi\u011fi, Helenistik d\u00f6nemde ise \u00f6nemli bir ticari merkez oldu\u011fu anla\u015f\u0131lan kentte 2004 y\u0131l\u0131ndan itibaren g\u00fcn\u00fcm\u00fcze kadar kaz\u0131 \u00e7al\u0131\u015fmalar\u0131 Manisa Celal Bayar \u00dcniversitesi Fen-Edebiyat Fak\u00fcltesi Arkeoloji B\u00f6l\u00fcm\u00fc \u00d6\u011fretim \u00dcyesi Prof. Dr. Yusuf Sezgin Ba\u015fkanl\u0131\u011f\u0131nda yap\u0131l\u0131yor. Surlar\u0131 arazinin durumuna g\u00f6re in\u015fa edilmi\u015f olan Aigai Antik Kenti\u2019nde, surlar i\u00e7inde \u00fc\u00e7 katl\u0131 agora ve bu yap\u0131y\u0131 ta\u015f\u0131yan duvarlar, meclis binas\u0131, teras duvarl\u0131 stadyum, tiyatro ve Demeter Tap\u0131na\u011f\u0131 gibi kal\u0131nt\u0131lar g\u00f6rkemli \u015fekilde bulunuyor. Antik kent y\u0131lda 15 bine yak\u0131n arkeoloji ve tarih merakl\u0131s\u0131 taraf\u0131ndan ziyaret ediliyor.<br \/><\/p>\n","protected":false},"excerpt":{"rendered":"<p>Yunusemre Belediyesi, Manisa\u2019n\u0131n \u00f6nemli turizm varl\u0131klar\u0131ndan biri olan Aigai Antik Kenti\u2019nde y\u00fcr\u00fct\u00fclecek kaz\u0131 \u00e7al\u0131\u015fmalar\u0131na lojistik destek vermeye devam ediyor. Yunusemre Belediyesi, K\u00f6seler Mahallesi yak\u0131nlar\u0131nda tarihi M.\u00d6 8. y\u00fczy\u0131la dayanan Aigai Antik Kentinde y\u00fcr\u00fct\u00fclen kaz\u0131 \u00e7al\u0131\u015fmalar\u0131na bu y\u0131l da lojistik destek verecek. Yunusemre Belediye Ba\u015fkan\u0131 Semih Balaban, \u0130l K\u00fclt\u00fcr ve Turizm M\u00fcd\u00fcr\u00fc \u0130brahim Sudak, Kaz\u0131 Ba\u015fkan\u0131&#8230;<\/p>\n","protected":false},"author":1,"featured_media":28732,"comment_status":"open","ping_status":"open","sticky":false,"template":"","format":"standard","meta":{"_crdt_document":"","footnotes":""},"categories":[1],"tags":[],"class_list":["post-28731","post","type-post","status-publish","format-standard","has-post-thumbnail","hentry","category-guncel"],"_links":{"self":[{"href":"https:\/\/www.egemtv.com\/index.php?rest_route=\/wp\/v2\/posts\/28731","targetHints":{"allow":["GET"]}}],"collection":[{"href":"https:\/\/www.egemtv.com\/index.php?rest_route=\/wp\/v2\/posts"}],"about":[{"href":"https:\/\/www.egemtv.com\/index.php?rest_route=\/wp\/v2\/types\/post"}],"author":[{"embeddable":true,"href":"https:\/\/www.egemtv.com\/index.php?rest_route=\/wp\/v2\/users\/1"}],"replies":[{"embeddable":true,"href":"https:\/\/www.egemtv.com\/index.php?rest_route=%2Fwp%2Fv2%2Fcomments&post=28731"}],"version-history":[{"count":1,"href":"https:\/\/www.egemtv.com\/index.php?rest_route=\/wp\/v2\/posts\/28731\/revisions"}],"predecessor-version":[{"id":28733,"href":"https:\/\/www.egemtv.com\/index.php?rest_route=\/wp\/v2\/posts\/28731\/revisions\/28733"}],"wp:featuredmedia":[{"embeddable":true,"href":"https:\/\/www.egemtv.com\/index.php?rest_route=\/wp\/v2\/media\/28732"}],"wp:attachment":[{"href":"https:\/\/www.egemtv.com\/index.php?rest_route=%2Fwp%2Fv2%2Fmedia&parent=28731"}],"wp:term":[{"taxonomy":"category","embeddable":true,"href":"https:\/\/www.egemtv.com\/index.php?rest_route=%2Fwp%2Fv2%2Fcategories&post=28731"},{"taxonomy":"post_tag","embeddable":true,"href":"https:\/\/www.egemtv.com\/index.php?rest_route=%2Fwp%2Fv2%2Ftags&post=28731"}],"curies":[{"name":"wp","href":"https:\/\/api.w.org\/{rel}","templated":true}]}}