{"id":28728,"date":"2025-05-14T15:16:21","date_gmt":"2025-05-14T12:16:21","guid":{"rendered":"https:\/\/www.egemtv.com\/?p=28728"},"modified":"2025-05-14T15:16:26","modified_gmt":"2025-05-14T12:16:26","slug":"tutusan-perde-onca-yillik-emeklerini-kule-cevirdi","status":"publish","type":"post","link":"https:\/\/www.egemtv.com\/?p=28728","title":{"rendered":"Tutu\u015fan perde onca y\u0131ll\u0131k emeklerini k\u00fcle \u00e7evirdi"},"content":{"rendered":"<p>Denizli\u2019de iki katl\u0131 m\u00fcstakil evin k\u00fcle d\u00f6nd\u00fc\u011f\u00fc yang\u0131n\u0131n, evde oturan kirac\u0131n\u0131n tutu\u015fan perdeyi pen\u00e7eden bah\u00e7edeki odunlar\u0131n aras\u0131na atmas\u0131 nedeniyle ba\u015flad\u0131\u011f\u0131 tespit edildi.<\/p>\n<p>Denizli\u2019nin Merkezefendi il\u00e7esine ba\u011fl\u0131 S\u00fcmer Mahallesi\u2019nde bulunan Durmu\u015f \u0130nelli (75) ve e\u015fi Feri\u015ftah \u0130nelli\u2019ye (71) ait iki m\u00fcstakil bina, d\u00fcn \u00f6\u011fleden sonra \u00e7\u0131kan yang\u0131nda tamamen kullan\u0131lamaz hale geldi. \u0130tfaiye ekiplerinin yo\u011fun \u00e7abas\u0131 sonucu ailenin biti\u015fikte kedilerinin oturdu\u011fu di\u011fer evleri ile \u00e7evre binalara s\u0131\u00e7ramadan s\u00f6nd\u00fcr\u00fclen yang\u0131nda harabeye d\u00f6nen binan\u0131n a\u011f\u0131r hasar almas\u0131 nedeniyle y\u0131k\u0131lmas\u0131na karar verildi.<\/p>\n<p>Yang\u0131nla ilgili olarak ba\u015flat\u0131lan ara\u015ft\u0131rma kapsam\u0131nda, yang\u0131n\u0131n ikinci katta oturan kirac\u0131n\u0131n sigara i\u00e7erken bir anda tutu\u015fan alevli perdeyi, pencereden bah\u00e7edeki odunlar\u0131n aras\u0131na atmas\u0131 sonucu ba\u015flad\u0131\u011f\u0131 belirlendi. K\u0131sa s\u00fcrede b\u00fcy\u00fcyen yang\u0131n\u0131n iki kirac\u0131n\u0131n bar\u0131nd\u0131\u011f\u0131 tamamen kaplayarak, maddi zarar neden oldu\u011fu tespit edildi. Ka\u00e7 y\u0131ll\u0131k emekleriyle yap\u0131p kendilerine ek gelir sa\u011flamak i\u00e7in kiraya verdikleri evler g\u00f6zleri g\u00f6n\u00fcnde yan\u0131p k\u00fcle d\u00f6nen aile, b\u00fcy\u00fck \u00fcz\u00fcnt\u00fc ya\u015fad\u0131.<br \/><\/p>\n","protected":false},"excerpt":{"rendered":"<p>Denizli\u2019de iki katl\u0131 m\u00fcstakil evin k\u00fcle d\u00f6nd\u00fc\u011f\u00fc yang\u0131n\u0131n, evde oturan kirac\u0131n\u0131n tutu\u015fan perdeyi pen\u00e7eden bah\u00e7edeki odunlar\u0131n aras\u0131na atmas\u0131 nedeniyle ba\u015flad\u0131\u011f\u0131 tespit edildi. Denizli\u2019nin Merkezefendi il\u00e7esine ba\u011fl\u0131 S\u00fcmer Mahallesi\u2019nde bulunan Durmu\u015f \u0130nelli (75) ve e\u015fi Feri\u015ftah \u0130nelli\u2019ye (71) ait iki m\u00fcstakil bina, d\u00fcn \u00f6\u011fleden sonra \u00e7\u0131kan yang\u0131nda tamamen kullan\u0131lamaz hale geldi. \u0130tfaiye ekiplerinin yo\u011fun \u00e7abas\u0131 sonucu&#8230;<\/p>\n","protected":false},"author":1,"featured_media":28729,"comment_status":"open","ping_status":"open","sticky":false,"template":"","format":"standard","meta":{"_crdt_document":"","footnotes":""},"categories":[5],"tags":[],"class_list":["post-28728","post","type-post","status-publish","format-standard","has-post-thumbnail","hentry","category-asayis"],"_links":{"self":[{"href":"https:\/\/www.egemtv.com\/index.php?rest_route=\/wp\/v2\/posts\/28728","targetHints":{"allow":["GET"]}}],"collection":[{"href":"https:\/\/www.egemtv.com\/index.php?rest_route=\/wp\/v2\/posts"}],"about":[{"href":"https:\/\/www.egemtv.com\/index.php?rest_route=\/wp\/v2\/types\/post"}],"author":[{"embeddable":true,"href":"https:\/\/www.egemtv.com\/index.php?rest_route=\/wp\/v2\/users\/1"}],"replies":[{"embeddable":true,"href":"https:\/\/www.egemtv.com\/index.php?rest_route=%2Fwp%2Fv2%2Fcomments&post=28728"}],"version-history":[{"count":1,"href":"https:\/\/www.egemtv.com\/index.php?rest_route=\/wp\/v2\/posts\/28728\/revisions"}],"predecessor-version":[{"id":28730,"href":"https:\/\/www.egemtv.com\/index.php?rest_route=\/wp\/v2\/posts\/28728\/revisions\/28730"}],"wp:featuredmedia":[{"embeddable":true,"href":"https:\/\/www.egemtv.com\/index.php?rest_route=\/wp\/v2\/media\/28729"}],"wp:attachment":[{"href":"https:\/\/www.egemtv.com\/index.php?rest_route=%2Fwp%2Fv2%2Fmedia&parent=28728"}],"wp:term":[{"taxonomy":"category","embeddable":true,"href":"https:\/\/www.egemtv.com\/index.php?rest_route=%2Fwp%2Fv2%2Fcategories&post=28728"},{"taxonomy":"post_tag","embeddable":true,"href":"https:\/\/www.egemtv.com\/index.php?rest_route=%2Fwp%2Fv2%2Ftags&post=28728"}],"curies":[{"name":"wp","href":"https:\/\/api.w.org\/{rel}","templated":true}]}}