{"id":28725,"date":"2025-05-14T14:58:12","date_gmt":"2025-05-14T11:58:12","guid":{"rendered":"https:\/\/www.egemtv.com\/?p=28725"},"modified":"2025-05-14T14:58:18","modified_gmt":"2025-05-14T11:58:18","slug":"denizlili-sehidin-ismi-mezun-oldugu-okulda-yasatilacak","status":"publish","type":"post","link":"https:\/\/www.egemtv.com\/?p=28725","title":{"rendered":"Denizlili \u015fehidin ismi mezun oldu\u011fu okulda ya\u015fat\u0131lacak"},"content":{"rendered":"<p>A\u011fr\u0131\u2019n\u0131n Do\u011fubayaz\u0131t il\u00e7esinde gitti\u011fi kutsal g\u00f6revde 13 May\u0131s 2021 tarihinde Ramazan Bayram\u0131 sabah\u0131 b\u00f6l\u00fcc\u00fc ter\u00f6r \u00f6rg\u00fct\u00fc mensuplar\u0131 ile girilen \u00e7at\u0131\u015fmada \u015fehit d\u00fc\u015fen Denizlili \u015eehit \u00d6zel Harekat Polisi Veli Kabalay\u2019\u0131n ismi Ayd\u0131n\u2019\u0131n Karacasu il\u00e7esinde ya\u015fat\u0131lacak.<\/p>\n<p>Babas\u0131n\u0131n g\u00f6revi sebebiyle uzun y\u0131llar Karacasu\u2019da kalm\u0131\u015ft\u0131 aile ve \u015fehidimiz ilk\u00f6\u011fretim hayat\u0131n\u0131 Karacasu\u2019yu Sevenler \u0130lk\u00f6\u011fretim Okulunda tamamlam\u0131\u015ft\u0131. Kabalay\u2019\u0131n an\u0131s\u0131na mezun oldu\u011fu bu okulda k\u00fct\u00fcphane olu\u015fturuldu. \u015eehidin yak\u0131n arkada\u015f\u0131 ve ayn\u0131 zamanda proje koordinat\u00f6r\u00fc H\u00fcseyin Oturakl\u0131 \u015fehit ad\u0131na 2. K\u00fct\u00fcphaneyi a\u00e7t\u0131klar\u0131n\u0131 belirtti. Birinci projede oldu\u011fu gibi bu proje de \u015fehidin \u015fehadete erdi\u011fi g\u00fcn\u00fcn y\u0131l d\u00f6n\u00fcm\u00fcnde hizmete a\u00e7\u0131ld\u0131. Birincisi \u015eehidin e\u015fi \u015e\u00fckran Kabalay\u2019\u0131n Denizli\u2019de g\u00f6rev yapt\u0131\u011f\u0131 okulda a\u00e7\u0131lan k\u00fct\u00fcphanenin ard\u0131ndan Karacasu\u2019da mezun oldu\u011fu okulda da \u015fehidin an\u0131s\u0131na k\u00fct\u00fcphane a\u00e7\u0131l\u0131rken d\u00fczenlenen a\u00e7\u0131l\u0131\u015f t\u00f6renine Denizli \u0130l K\u00fclt\u00fcr ve Turizm M\u00fcd\u00fcr\u00fc H\u00fcdaverdi Otakl\u0131, Karacasu Belediye Ba\u015fkan Yard\u0131mc\u0131s\u0131 Murat B\u00fcy\u00fckg\u00fcm\u00fc\u015f, \u015fehidin anne babas\u0131 Aysel-\u0130smail Kabalay, \u015fehidin e\u015fi \u015e\u00fckran Kabalay, kay\u0131nvalidesi ve kay\u0131npederi Fatma-\u0130brahim Babu\u00e7, \u015fehidin emaneti k\u0131z\u0131 Asel ve ablas\u0131 Fatma B\u00f6l\u00fckba\u015f, Karacasu\u2019dan arkada\u015flar\u0131 ve il\u00e7e protokol\u00fc kat\u0131l\u0131m sa\u011flad\u0131.<\/p>\n<p>Sayg\u0131 duru\u015fu yap\u0131l\u0131p \u0130stiklal Mar\u015f\u0131\u2019n\u0131n okunmas\u0131n\u0131n ard\u0131ndan Projenin koordinat\u00f6r\u00fc Denizli \u0130l K\u00fclt\u00fcr ve Turizm \u015eube M\u00fcd\u00fcr\u00fc H\u00fcseyin Oturakl\u0131 a\u00e7\u0131l\u0131\u015f konu\u015fmas\u0131 yapt\u0131. \u0130l\u00e7e Milli E\u011fitim M\u00fcd\u00fcr\u00fc A\u015fk\u0131n G\u00fcne\u015f ve Denizli \u0130l K\u00fclt\u00fcr ve Turizm M\u00fcd\u00fcr\u00fc H\u00fcdaverdi Otakl\u0131\u2019n\u0131n konu\u015fmas\u0131n\u0131n ard\u0131ndan \u015fehidin kuzeni G\u00f6kalp \u0130yilikci\u2019nin yazd\u0131\u011f\u0131 \u015eehadet H\u0131rkas\u0131 isimli \u015fiir \u00f6\u011fretmen Hakan Cik taraf\u0131ndan okundu. Konu\u015fmalar ve \u015fiirin okunmas\u0131 s\u0131ras\u0131nda duygusal anlar ya\u015fand\u0131.<\/p>\n<p>Konu\u015fmalardan sonra k\u00fct\u00fcphanenin kurulmas\u0131na destek veren Mustafa Koruk, U\u011fur \u00c7oban, H\u00fcseyin G\u00fcm\u00fc\u015f, Fehmi Koruk, \u00d6zer \u015eeviker, Sadettin Az\u0131l\u0131, Sezer \u015eeviker ve H\u00fcseyin Oturakl\u0131\u2019ya plaket takdim edildi.<br \/>\n<br \/>\u0130l\u00e7e M\u00fcft\u00fcs\u00fc Yunus Erdo\u011fan\u2019\u0131n duas\u0131n\u0131n ard\u0131ndan a\u00e7\u0131l\u0131\u015f kurdelesi kesildi. \u015eehidin foto\u011fraflar\u0131 ve hayat \u00f6yk\u00fcs\u00fcn\u00fcn de yer ald\u0131\u011f\u0131 5 bin kitapl\u0131k k\u00fct\u00fcphane misafirler taraf\u0131ndan gezildi ve \u015fehidin ad\u0131na olu\u015fturulan ikinci k\u00fct\u00fcphane de t\u0131pk\u0131 ilki gibi b\u00fcy\u00fck be\u011feni toplad\u0131. K\u00fct\u00fcphane giri\u015finde \u015fehidin ad\u0131na olu\u015fturulan k\u00f6\u015fede; \u015fehidin emaneti 4 ya\u015f\u0131ndaki k\u0131z\u0131 Asel, babas\u0131n\u0131n foto\u011fraf\u0131n\u0131 \u00f6pt\u00fc ve ard\u0131ndan k\u00fct\u00fcphaneden se\u00e7ti\u011fi kitab\u0131 inceledi. Ba\u015f\u0131ndan sonunda duygu dolu ge\u00e7en program k\u00fct\u00fcphanenin gezilmesi ve ikramlar ile sona erdi.<br \/><\/p>\n","protected":false},"excerpt":{"rendered":"<p>A\u011fr\u0131\u2019n\u0131n Do\u011fubayaz\u0131t il\u00e7esinde gitti\u011fi kutsal g\u00f6revde 13 May\u0131s 2021 tarihinde Ramazan Bayram\u0131 sabah\u0131 b\u00f6l\u00fcc\u00fc ter\u00f6r \u00f6rg\u00fct\u00fc mensuplar\u0131 ile girilen \u00e7at\u0131\u015fmada \u015fehit d\u00fc\u015fen Denizlili \u015eehit \u00d6zel Harekat Polisi Veli Kabalay\u2019\u0131n ismi Ayd\u0131n\u2019\u0131n Karacasu il\u00e7esinde ya\u015fat\u0131lacak. Babas\u0131n\u0131n g\u00f6revi sebebiyle uzun y\u0131llar Karacasu\u2019da kalm\u0131\u015ft\u0131 aile ve \u015fehidimiz ilk\u00f6\u011fretim hayat\u0131n\u0131 Karacasu\u2019yu Sevenler \u0130lk\u00f6\u011fretim Okulunda tamamlam\u0131\u015ft\u0131. Kabalay\u2019\u0131n an\u0131s\u0131na mezun oldu\u011fu&#8230;<\/p>\n","protected":false},"author":1,"featured_media":28726,"comment_status":"open","ping_status":"open","sticky":false,"template":"","format":"standard","meta":{"_crdt_document":"","footnotes":""},"categories":[123],"tags":[],"class_list":["post-28725","post","type-post","status-publish","format-standard","has-post-thumbnail","hentry","category-gundem"],"_links":{"self":[{"href":"https:\/\/www.egemtv.com\/index.php?rest_route=\/wp\/v2\/posts\/28725","targetHints":{"allow":["GET"]}}],"collection":[{"href":"https:\/\/www.egemtv.com\/index.php?rest_route=\/wp\/v2\/posts"}],"about":[{"href":"https:\/\/www.egemtv.com\/index.php?rest_route=\/wp\/v2\/types\/post"}],"author":[{"embeddable":true,"href":"https:\/\/www.egemtv.com\/index.php?rest_route=\/wp\/v2\/users\/1"}],"replies":[{"embeddable":true,"href":"https:\/\/www.egemtv.com\/index.php?rest_route=%2Fwp%2Fv2%2Fcomments&post=28725"}],"version-history":[{"count":1,"href":"https:\/\/www.egemtv.com\/index.php?rest_route=\/wp\/v2\/posts\/28725\/revisions"}],"predecessor-version":[{"id":28727,"href":"https:\/\/www.egemtv.com\/index.php?rest_route=\/wp\/v2\/posts\/28725\/revisions\/28727"}],"wp:featuredmedia":[{"embeddable":true,"href":"https:\/\/www.egemtv.com\/index.php?rest_route=\/wp\/v2\/media\/28726"}],"wp:attachment":[{"href":"https:\/\/www.egemtv.com\/index.php?rest_route=%2Fwp%2Fv2%2Fmedia&parent=28725"}],"wp:term":[{"taxonomy":"category","embeddable":true,"href":"https:\/\/www.egemtv.com\/index.php?rest_route=%2Fwp%2Fv2%2Fcategories&post=28725"},{"taxonomy":"post_tag","embeddable":true,"href":"https:\/\/www.egemtv.com\/index.php?rest_route=%2Fwp%2Fv2%2Ftags&post=28725"}],"curies":[{"name":"wp","href":"https:\/\/api.w.org\/{rel}","templated":true}]}}