{"id":28722,"date":"2025-05-14T14:58:02","date_gmt":"2025-05-14T11:58:02","guid":{"rendered":"https:\/\/www.egemtv.com\/?p=28722"},"modified":"2025-05-14T14:58:12","modified_gmt":"2025-05-14T11:58:12","slug":"ideal-kilonu-ogren-saglikli-yasa-kampanyasi-afyonkarahisarda-basladi","status":"publish","type":"post","link":"https:\/\/www.egemtv.com\/?p=28722","title":{"rendered":"\u2018\u0130deal Kilonu \u00d6\u011fren, Sa\u011fl\u0131kl\u0131 Ya\u015fa\u2019 kampanyas\u0131 Afyonkarahisar\u2019da ba\u015flad\u0131"},"content":{"rendered":"<p>Sa\u011fl\u0131k Bakanl\u0131\u011f\u0131 taraf\u0131ndan yurt genelinde uygulanmaya ba\u015flanan \u2018\u0130deal Kilonu \u00d6\u011fren, Sa\u011fl\u0131kl\u0131 Ya\u015fa\u2019 kampanyas\u0131 Afyonkarahisar\u2019da da ba\u015flad\u0131.<br \/>\n<br \/>Kampanya \u00e7er\u00e7evesinde \u0130l Sa\u011fl\u0131k M\u00fcd\u00fcrl\u00fc\u011f\u00fcne ba\u011fl\u0131 ekipler taraf\u0131ndan kent merkezinde stant a\u00e7\u0131ld\u0131. 81 ilde e\u015f zamanl\u0131 olarak ba\u015flat\u0131lan kampanya ile sahaya inen sa\u011fl\u0131k personeli, vatanda\u015flar\u0131n yo\u011fun olarak bulundu\u011fu meydanlarda, kamusal alanlarda ve etkinlik noktalar\u0131nda boy, kilo ve v\u00fccut kitle indeksi (VK\u0130) \u00f6l\u00e7\u00fcmleri yapacak. Bu \u00f6l\u00e7\u00fcmler sonucunda VK\u0130 de\u011feri 25\u2019in \u00fczerinde \u00e7\u0131kan bireyler tespit edilerek Sa\u011fl\u0131kl\u0131 Hayat Merkezleri ve Aile Sa\u011fl\u0131\u011f\u0131 Merkezlerine y\u00f6nlendirilecek. Bununla birlikte ki\u015filere diyetisyenler taraf\u0131ndan beslenme dan\u0131\u015fmanl\u0131\u011f\u0131 ve takip hizmeti de sunulacak. Fazla kilonun zararlar\u0131 konusunda fark\u0131ndal\u0131k olu\u015fturulmas\u0131n\u0131n ve sa\u011fl\u0131kl\u0131 ya\u015fam k\u00fclt\u00fcr\u00fcn\u00fcn yayg\u0131nla\u015ft\u0131r\u0131lmas\u0131n\u0131n hedeflendi\u011fi kampanyada, sa\u011fl\u0131k okuryazarl\u0131\u011f\u0131 d\u00fczeyini art\u0131rmaya y\u00f6nelik e\u011fitim programlar\u0131yla birlikte sa\u011fl\u0131kl\u0131 ya\u015fam al\u0131\u015fkanl\u0131klar\u0131n\u0131 te\u015fvik edecek uygulamalar da planlan\u0131yor.<br \/><\/p>\n","protected":false},"excerpt":{"rendered":"<p>Sa\u011fl\u0131k Bakanl\u0131\u011f\u0131 taraf\u0131ndan yurt genelinde uygulanmaya ba\u015flanan \u2018\u0130deal Kilonu \u00d6\u011fren, Sa\u011fl\u0131kl\u0131 Ya\u015fa\u2019 kampanyas\u0131 Afyonkarahisar\u2019da da ba\u015flad\u0131. Kampanya \u00e7er\u00e7evesinde \u0130l Sa\u011fl\u0131k M\u00fcd\u00fcrl\u00fc\u011f\u00fcne ba\u011fl\u0131 ekipler taraf\u0131ndan kent merkezinde stant a\u00e7\u0131ld\u0131. 81 ilde e\u015f zamanl\u0131 olarak ba\u015flat\u0131lan kampanya ile sahaya inen sa\u011fl\u0131k personeli, vatanda\u015flar\u0131n yo\u011fun olarak bulundu\u011fu meydanlarda, kamusal alanlarda ve etkinlik noktalar\u0131nda boy, kilo ve v\u00fccut kitle&#8230;<\/p>\n","protected":false},"author":1,"featured_media":28723,"comment_status":"open","ping_status":"open","sticky":false,"template":"","format":"standard","meta":{"_crdt_document":"","footnotes":""},"categories":[2],"tags":[],"class_list":["post-28722","post","type-post","status-publish","format-standard","has-post-thumbnail","hentry","category-saglik"],"_links":{"self":[{"href":"https:\/\/www.egemtv.com\/index.php?rest_route=\/wp\/v2\/posts\/28722","targetHints":{"allow":["GET"]}}],"collection":[{"href":"https:\/\/www.egemtv.com\/index.php?rest_route=\/wp\/v2\/posts"}],"about":[{"href":"https:\/\/www.egemtv.com\/index.php?rest_route=\/wp\/v2\/types\/post"}],"author":[{"embeddable":true,"href":"https:\/\/www.egemtv.com\/index.php?rest_route=\/wp\/v2\/users\/1"}],"replies":[{"embeddable":true,"href":"https:\/\/www.egemtv.com\/index.php?rest_route=%2Fwp%2Fv2%2Fcomments&post=28722"}],"version-history":[{"count":1,"href":"https:\/\/www.egemtv.com\/index.php?rest_route=\/wp\/v2\/posts\/28722\/revisions"}],"predecessor-version":[{"id":28724,"href":"https:\/\/www.egemtv.com\/index.php?rest_route=\/wp\/v2\/posts\/28722\/revisions\/28724"}],"wp:featuredmedia":[{"embeddable":true,"href":"https:\/\/www.egemtv.com\/index.php?rest_route=\/wp\/v2\/media\/28723"}],"wp:attachment":[{"href":"https:\/\/www.egemtv.com\/index.php?rest_route=%2Fwp%2Fv2%2Fmedia&parent=28722"}],"wp:term":[{"taxonomy":"category","embeddable":true,"href":"https:\/\/www.egemtv.com\/index.php?rest_route=%2Fwp%2Fv2%2Fcategories&post=28722"},{"taxonomy":"post_tag","embeddable":true,"href":"https:\/\/www.egemtv.com\/index.php?rest_route=%2Fwp%2Fv2%2Ftags&post=28722"}],"curies":[{"name":"wp","href":"https:\/\/api.w.org\/{rel}","templated":true}]}}