{"id":28719,"date":"2025-05-14T14:57:57","date_gmt":"2025-05-14T11:57:57","guid":{"rendered":"https:\/\/www.egemtv.com\/?p=28719"},"modified":"2025-05-14T14:58:02","modified_gmt":"2025-05-14T11:58:02","slug":"merkezefendi-belediyesi-ozel-bireyler-icin-izmir-gezisi-duzenledi","status":"publish","type":"post","link":"https:\/\/www.egemtv.com\/?p=28719","title":{"rendered":"Merkezefendi Belediyesi \u00f6zel bireyler i\u00e7in \u0130zmir gezisi d\u00fczenledi"},"content":{"rendered":"<p>Merkezefendi Belediyesi, Engelliler Haftas\u0131\u2019na \u00f6zel olarak Engelsiz Ya\u015fam Akademisi\u2019nde e\u011fitim alan \u00f6zel bireyler ve aileleri i\u00e7in \u0130zmir gezisi d\u00fczenledi. Ba\u015fkan Do\u011fan, &#8220;Onlar\u0131n g\u00fcl\u00fcmsemesi, hayat\u0131n i\u00e7inde olmas\u0131, g\u00fcnl\u00fck ya\u015famlar\u0131n\u0131n kolayla\u015fmas\u0131 ve sosyalle\u015fmesi bizler i\u00e7in \u00e7ok \u00f6nemli. Biz \u00e7ok b\u00fcy\u00fck bir aileyiz ve birlikte mutluyuz&#8221; dedi.<\/p>\n<p>Engelliler Haftas\u0131\u2019nda, Engelsiz Ya\u015fam Akademisi\u2019nin \u00f6zel \u00f6\u011frencileri ve de\u011ferli aileleri, \u0130zmir B\u00fcy\u00fck\u015fehir Belediyesi Do\u011fal Ya\u015fam Park\u0131 ve \u0130zmir B\u00fcy\u00fck\u015fehir Belediyesi \u0130nciralt\u0131 Kent Orman\u0131\u2019nda keyifli vakit ge\u00e7irdiler. Merkezefendi Belediye Ba\u015fkan\u0131 \u015eeniz Do\u011fan da \u00f6zel bireylere s\u00fcrpriz yaparak onlar\u0131 yaln\u0131z b\u0131rakmad\u0131. Etkinlikte \u00f6zel bireylerin mutlulu\u011fu ise g\u00f6zlerinden okundu. A\u00e7\u0131k alanda ge\u00e7irilen zaman, hem \u00f6zel bireyler hem de aileleri i\u00e7in unutulmaz bir an oldu.<\/p>\n<p>&#8220;Biz \u00e7ok b\u00fcy\u00fck bir aileyiz ve birlikte mutluyuz&#8221;<br \/>\n<br \/>\u00d6zel bireylerin mutlulu\u011funa ortak olduklar\u0131n\u0131 belirten Ba\u015fkan Do\u011fan, &#8220;\u00d6zel bireylerimizin ya\u015fam\u0131n her alan\u0131nda aktif \u015fekilde yer alabilmesi, sosyal hayata kat\u0131l\u0131mlar\u0131n\u0131n desteklenmesi ve g\u00fcnl\u00fck ya\u015famlar\u0131n\u0131n kolayla\u015ft\u0131r\u0131lmas\u0131 bizler i\u00e7in b\u00fcy\u00fck \u00f6nem ta\u015f\u0131yor. Bu anlay\u0131\u015fla \u00e7al\u0131\u015f\u0131yor onlar\u0131n her zaman yanlar\u0131nda oluyoruz. Engelliler Haftas\u0131\u2019nda, Engelsiz Ya\u015fam Akademimizin \u00f6zel \u00f6\u011frencileri ve de\u011ferli aileleri, \u0130zmir B\u00fcy\u00fck\u015fehir Belediyesi Do\u011fal Ya\u015fam Park\u0131 ve \u0130zmir B\u00fcy\u00fck\u015fehir Belediyesi \u0130nciralt\u0131 Kent Orman\u0131\u2019nda keyifli vakit ge\u00e7irdiler. Bizler de kendilerine s\u00fcrpriz yaparak mutluluklar\u0131na ortak olduk. Onlar\u0131n g\u00fcl\u00fcmsemesi, hayat\u0131n i\u00e7inde olmas\u0131, g\u00fcnl\u00fck ya\u015famlar\u0131n\u0131n kolayla\u015fmas\u0131 ve sosyalle\u015fmesi bizler i\u00e7in \u00e7ok \u00f6nemli. Biz \u00e7ok b\u00fcy\u00fck bir aileyiz ve birlikte mutluyuz&#8221; diye konu\u015ftu.<br \/><\/p>\n","protected":false},"excerpt":{"rendered":"<p>Merkezefendi Belediyesi, Engelliler Haftas\u0131\u2019na \u00f6zel olarak Engelsiz Ya\u015fam Akademisi\u2019nde e\u011fitim alan \u00f6zel bireyler ve aileleri i\u00e7in \u0130zmir gezisi d\u00fczenledi. Ba\u015fkan Do\u011fan, &#8220;Onlar\u0131n g\u00fcl\u00fcmsemesi, hayat\u0131n i\u00e7inde olmas\u0131, g\u00fcnl\u00fck ya\u015famlar\u0131n\u0131n kolayla\u015fmas\u0131 ve sosyalle\u015fmesi bizler i\u00e7in \u00e7ok \u00f6nemli. Biz \u00e7ok b\u00fcy\u00fck bir aileyiz ve birlikte mutluyuz&#8221; dedi. Engelliler Haftas\u0131\u2019nda, Engelsiz Ya\u015fam Akademisi\u2019nin \u00f6zel \u00f6\u011frencileri ve de\u011ferli aileleri, \u0130zmir&#8230;<\/p>\n","protected":false},"author":1,"featured_media":28720,"comment_status":"open","ping_status":"open","sticky":false,"template":"","format":"standard","meta":{"_crdt_document":"","footnotes":""},"categories":[123],"tags":[],"class_list":["post-28719","post","type-post","status-publish","format-standard","has-post-thumbnail","hentry","category-gundem"],"_links":{"self":[{"href":"https:\/\/www.egemtv.com\/index.php?rest_route=\/wp\/v2\/posts\/28719","targetHints":{"allow":["GET"]}}],"collection":[{"href":"https:\/\/www.egemtv.com\/index.php?rest_route=\/wp\/v2\/posts"}],"about":[{"href":"https:\/\/www.egemtv.com\/index.php?rest_route=\/wp\/v2\/types\/post"}],"author":[{"embeddable":true,"href":"https:\/\/www.egemtv.com\/index.php?rest_route=\/wp\/v2\/users\/1"}],"replies":[{"embeddable":true,"href":"https:\/\/www.egemtv.com\/index.php?rest_route=%2Fwp%2Fv2%2Fcomments&post=28719"}],"version-history":[{"count":1,"href":"https:\/\/www.egemtv.com\/index.php?rest_route=\/wp\/v2\/posts\/28719\/revisions"}],"predecessor-version":[{"id":28721,"href":"https:\/\/www.egemtv.com\/index.php?rest_route=\/wp\/v2\/posts\/28719\/revisions\/28721"}],"wp:featuredmedia":[{"embeddable":true,"href":"https:\/\/www.egemtv.com\/index.php?rest_route=\/wp\/v2\/media\/28720"}],"wp:attachment":[{"href":"https:\/\/www.egemtv.com\/index.php?rest_route=%2Fwp%2Fv2%2Fmedia&parent=28719"}],"wp:term":[{"taxonomy":"category","embeddable":true,"href":"https:\/\/www.egemtv.com\/index.php?rest_route=%2Fwp%2Fv2%2Fcategories&post=28719"},{"taxonomy":"post_tag","embeddable":true,"href":"https:\/\/www.egemtv.com\/index.php?rest_route=%2Fwp%2Fv2%2Ftags&post=28719"}],"curies":[{"name":"wp","href":"https:\/\/api.w.org\/{rel}","templated":true}]}}