{"id":28716,"date":"2025-05-14T14:38:17","date_gmt":"2025-05-14T11:38:17","guid":{"rendered":"https:\/\/www.egemtv.com\/?p=28716"},"modified":"2025-05-14T14:38:23","modified_gmt":"2025-05-14T11:38:23","slug":"salihlide-ozel-ogrencilerden-ozel-sergi","status":"publish","type":"post","link":"https:\/\/www.egemtv.com\/?p=28716","title":{"rendered":"Salihli\u2019de \u00f6zel \u00f6\u011frencilerden \u00f6zel sergi"},"content":{"rendered":"<p>Manisa\u2019n\u0131n Salihli il\u00e7esinde Engelliler Haftas\u0131 etkinlikleri \u00e7er\u00e7evesinde \u00d6zel E\u011fitim Uygulama Okulu \u00f6\u011frencilerinin haz\u0131rlad\u0131klar\u0131 \u00fcr\u00fcnlerin sergilendi\u011fi g\u00f6rsel sanatlar ve el sanatlar\u0131 sergisi a\u00e7\u0131l\u0131\u015f\u0131 yap\u0131ld\u0131.<br \/>\n<br \/>&#8220;Engelliler Haftas\u0131&#8221; etkinlikleri dolay\u0131s\u0131yla Salihli \u00d6zel E\u011fitim Uygulama Okulu \u00f6\u011frencilerinden olu\u015fan ritim grubu, yapt\u0131\u011f\u0131 g\u00f6steri ve \u00e7ald\u0131klar\u0131 enstr\u00fcmanlarla izleyenlerin keyifli dakikalar ge\u00e7irmelerini sa\u011flad\u0131. Engelli \u00f6\u011frencilerin sunduklar\u0131 g\u00f6steriler ile profesyonellere ta\u015f \u00e7\u0131kart\u0131rken izleyenlerden tam not ald\u0131.<br \/>\n<br \/>D\u00fczenlenen g\u00f6sterilerin akabinde, engelli \u00f6\u011frencilerin haz\u0131rlam\u0131\u015f oldu\u011fu \u00fcr\u00fcnler i\u00e7in stantlar kuruldu. Stantlarda okullarda y\u0131l boyu engelli \u00f6\u011frencilerin haz\u0131rlad\u0131klar\u0131 el i\u015fi, ya\u011fl\u0131 boya, ah\u015fap i\u015fleri \u00f6rg\u00fc, dantel ve el sanatlar\u0131ndan olu\u015fan eserleri be\u011feniye ve sat\u0131\u015fa sunuldu.<br \/>\n<br \/>D\u00fczenlenen sergi a\u00e7\u0131l\u0131\u015f\u0131na Salihli Kaymakam\u0131 Ali G\u00fcldo\u011fan\u2019\u0131n yan\u0131 s\u0131ra Belediye Ba\u015fkan\u0131 Mazlum Nurlu, \u0130l\u00e7e Emniyet M\u00fcd\u00fcr\u00fc Burhan Demirk\u0131ran, \u0130l\u00e7e Sosyal Hizmet Merkezi M\u00fcd\u00fcr\u00fc Alim Yavuz, \u0130l\u00e7e Milli E\u011fitim \u015eube M\u00fcd\u00fcr\u00fc Sedat Koyuncu, \u00d6zel E\u011fitim Uygulama Okulu M\u00fcd\u00fcr\u00fc Emine Afyon, okul \u00f6\u011fretmenleri, \u00e7al\u0131\u015fanlar\u0131 ve engelli yak\u0131nlar\u0131 kat\u0131ld\u0131.<br \/><\/p>\n","protected":false},"excerpt":{"rendered":"<p>Manisa\u2019n\u0131n Salihli il\u00e7esinde Engelliler Haftas\u0131 etkinlikleri \u00e7er\u00e7evesinde \u00d6zel E\u011fitim Uygulama Okulu \u00f6\u011frencilerinin haz\u0131rlad\u0131klar\u0131 \u00fcr\u00fcnlerin sergilendi\u011fi g\u00f6rsel sanatlar ve el sanatlar\u0131 sergisi a\u00e7\u0131l\u0131\u015f\u0131 yap\u0131ld\u0131. &#8220;Engelliler Haftas\u0131&#8221; etkinlikleri dolay\u0131s\u0131yla Salihli \u00d6zel E\u011fitim Uygulama Okulu \u00f6\u011frencilerinden olu\u015fan ritim grubu, yapt\u0131\u011f\u0131 g\u00f6steri ve \u00e7ald\u0131klar\u0131 enstr\u00fcmanlarla izleyenlerin keyifli dakikalar ge\u00e7irmelerini sa\u011flad\u0131. Engelli \u00f6\u011frencilerin sunduklar\u0131 g\u00f6steriler ile profesyonellere ta\u015f \u00e7\u0131kart\u0131rken izleyenlerden&#8230;<\/p>\n","protected":false},"author":1,"featured_media":28717,"comment_status":"open","ping_status":"open","sticky":false,"template":"","format":"standard","meta":{"_crdt_document":"","footnotes":""},"categories":[1],"tags":[],"class_list":["post-28716","post","type-post","status-publish","format-standard","has-post-thumbnail","hentry","category-guncel"],"_links":{"self":[{"href":"https:\/\/www.egemtv.com\/index.php?rest_route=\/wp\/v2\/posts\/28716","targetHints":{"allow":["GET"]}}],"collection":[{"href":"https:\/\/www.egemtv.com\/index.php?rest_route=\/wp\/v2\/posts"}],"about":[{"href":"https:\/\/www.egemtv.com\/index.php?rest_route=\/wp\/v2\/types\/post"}],"author":[{"embeddable":true,"href":"https:\/\/www.egemtv.com\/index.php?rest_route=\/wp\/v2\/users\/1"}],"replies":[{"embeddable":true,"href":"https:\/\/www.egemtv.com\/index.php?rest_route=%2Fwp%2Fv2%2Fcomments&post=28716"}],"version-history":[{"count":1,"href":"https:\/\/www.egemtv.com\/index.php?rest_route=\/wp\/v2\/posts\/28716\/revisions"}],"predecessor-version":[{"id":28718,"href":"https:\/\/www.egemtv.com\/index.php?rest_route=\/wp\/v2\/posts\/28716\/revisions\/28718"}],"wp:featuredmedia":[{"embeddable":true,"href":"https:\/\/www.egemtv.com\/index.php?rest_route=\/wp\/v2\/media\/28717"}],"wp:attachment":[{"href":"https:\/\/www.egemtv.com\/index.php?rest_route=%2Fwp%2Fv2%2Fmedia&parent=28716"}],"wp:term":[{"taxonomy":"category","embeddable":true,"href":"https:\/\/www.egemtv.com\/index.php?rest_route=%2Fwp%2Fv2%2Fcategories&post=28716"},{"taxonomy":"post_tag","embeddable":true,"href":"https:\/\/www.egemtv.com\/index.php?rest_route=%2Fwp%2Fv2%2Ftags&post=28716"}],"curies":[{"name":"wp","href":"https:\/\/api.w.org\/{rel}","templated":true}]}}