{"id":28713,"date":"2025-05-14T14:38:12","date_gmt":"2025-05-14T11:38:12","guid":{"rendered":"https:\/\/www.egemtv.com\/?p=28713"},"modified":"2025-05-14T14:38:17","modified_gmt":"2025-05-14T11:38:17","slug":"kulada-dunya-engelliler-haftasina-ozel-program","status":"publish","type":"post","link":"https:\/\/www.egemtv.com\/?p=28713","title":{"rendered":"Kula\u2019da D\u00fcnya Engelliler Haftas\u0131\u2019na \u00f6zel program"},"content":{"rendered":"<p>Manisa\u2019n\u0131n Kula il\u00e7esinde Zafer \u0130lkokulu taraf\u0131ndan, her y\u0131l 10-16 May\u0131s tarihleri aras\u0131nda kutlanan D\u00fcnya Engelliler Haftas\u0131 dolay\u0131s\u0131yla etkinlik d\u00fczenlendi. Kula Engelsiz Ya\u015fam Bak\u0131m Rehabilitasyon ve Aile Dan\u0131\u015fma Merkezi \u00f6\u011frencileri ile \u00f6zel e\u011fitim s\u0131n\u0131flar\u0131ndaki \u00f6\u011frencilerin sahneledi\u011fi g\u00f6steriler izleyenlerden tam not ald\u0131.<br \/>\n<br \/>Zafer \u0130lkokulu\u2019nun ev sahipli\u011finde ger\u00e7ekle\u015ftirilen program, sayg\u0131 duru\u015funda bulunulmas\u0131 ve \u0130stiklal Mar\u015f\u0131\u2019n\u0131n okunmas\u0131yla ba\u015flad\u0131. Ard\u0131ndan g\u00fcn\u00fcn anlam ve \u00f6nemine dair konu\u015fmay\u0131 okul m\u00fcd\u00fcr\u00fc Medet K\u0131l\u0131\u00e7 ger\u00e7ekle\u015ftirdi. K\u0131l\u0131\u00e7, engellilik konusunda fark\u0131ndal\u0131k olu\u015fturman\u0131n ve toplumsal duyarl\u0131l\u0131\u011f\u0131 art\u0131rman\u0131n \u00f6nemine dikkat \u00e7ekti.<br \/>\n<br \/>Konu\u015fmalar\u0131n ard\u0131ndan \u00f6\u011frenciler taraf\u0131ndan okunan \u015fiirler ve \u00f6zel e\u011fitim s\u0131n\u0131flar\u0131n\u0131n sahneledi\u011fi dans g\u00f6sterileri b\u00fcy\u00fck ilgi g\u00f6rd\u00fc. Hafif, orta ve a\u011f\u0131r d\u00fczeyde \u00f6zel e\u011fitime ihtiya\u00e7 duyan \u00f6\u011frencilerin \u00f6zveriyle haz\u0131rlad\u0131\u011f\u0131 performanslar duygusal anlar ya\u015fatt\u0131. Kula Engelsiz Ya\u015fam Bak\u0131m Rehabilitasyon Merkezi sakinlerinin g\u00f6sterileri de uzun s\u00fcre alk\u0131\u015fland\u0131.<br \/>\n<br \/>Etkinli\u011fe Kula Kaymakam\u0131 \u00d6mer Ahmet \u00d6zdemir, \u0130l\u00e7e Emniyet M\u00fcd\u00fcr\u00fc Ali R\u0131za G\u00f6kmen, \u0130l\u00e7e Milli E\u011fitim M\u00fcd\u00fcr\u00fc Zakir Okulmu\u015f\u2019un yan\u0131 s\u0131ra okul m\u00fcd\u00fcrleri, daire amirleri, \u00f6\u011fretmenler, veliler ve \u00e7ok say\u0131da davetli kat\u0131ld\u0131.<br \/>\n<br \/>D\u00fczenlenen program, \u00f6zel bireylerin toplumsal ya\u015famda aktif bir \u015fekilde yer almas\u0131n\u0131n ne denli \u00f6nemli oldu\u011funun bir kez daha alt\u0131n\u0131 \u00e7izerken, izleyicilere de duygu dolu anlar ya\u015fatt\u0131.<br \/><\/p>\n","protected":false},"excerpt":{"rendered":"<p>Manisa\u2019n\u0131n Kula il\u00e7esinde Zafer \u0130lkokulu taraf\u0131ndan, her y\u0131l 10-16 May\u0131s tarihleri aras\u0131nda kutlanan D\u00fcnya Engelliler Haftas\u0131 dolay\u0131s\u0131yla etkinlik d\u00fczenlendi. Kula Engelsiz Ya\u015fam Bak\u0131m Rehabilitasyon ve Aile Dan\u0131\u015fma Merkezi \u00f6\u011frencileri ile \u00f6zel e\u011fitim s\u0131n\u0131flar\u0131ndaki \u00f6\u011frencilerin sahneledi\u011fi g\u00f6steriler izleyenlerden tam not ald\u0131. Zafer \u0130lkokulu\u2019nun ev sahipli\u011finde ger\u00e7ekle\u015ftirilen program, sayg\u0131 duru\u015funda bulunulmas\u0131 ve \u0130stiklal Mar\u015f\u0131\u2019n\u0131n okunmas\u0131yla ba\u015flad\u0131. Ard\u0131ndan&#8230;<\/p>\n","protected":false},"author":1,"featured_media":28714,"comment_status":"open","ping_status":"open","sticky":false,"template":"","format":"standard","meta":{"_crdt_document":"","footnotes":""},"categories":[1],"tags":[],"class_list":["post-28713","post","type-post","status-publish","format-standard","has-post-thumbnail","hentry","category-guncel"],"_links":{"self":[{"href":"https:\/\/www.egemtv.com\/index.php?rest_route=\/wp\/v2\/posts\/28713","targetHints":{"allow":["GET"]}}],"collection":[{"href":"https:\/\/www.egemtv.com\/index.php?rest_route=\/wp\/v2\/posts"}],"about":[{"href":"https:\/\/www.egemtv.com\/index.php?rest_route=\/wp\/v2\/types\/post"}],"author":[{"embeddable":true,"href":"https:\/\/www.egemtv.com\/index.php?rest_route=\/wp\/v2\/users\/1"}],"replies":[{"embeddable":true,"href":"https:\/\/www.egemtv.com\/index.php?rest_route=%2Fwp%2Fv2%2Fcomments&post=28713"}],"version-history":[{"count":1,"href":"https:\/\/www.egemtv.com\/index.php?rest_route=\/wp\/v2\/posts\/28713\/revisions"}],"predecessor-version":[{"id":28715,"href":"https:\/\/www.egemtv.com\/index.php?rest_route=\/wp\/v2\/posts\/28713\/revisions\/28715"}],"wp:featuredmedia":[{"embeddable":true,"href":"https:\/\/www.egemtv.com\/index.php?rest_route=\/wp\/v2\/media\/28714"}],"wp:attachment":[{"href":"https:\/\/www.egemtv.com\/index.php?rest_route=%2Fwp%2Fv2%2Fmedia&parent=28713"}],"wp:term":[{"taxonomy":"category","embeddable":true,"href":"https:\/\/www.egemtv.com\/index.php?rest_route=%2Fwp%2Fv2%2Fcategories&post=28713"},{"taxonomy":"post_tag","embeddable":true,"href":"https:\/\/www.egemtv.com\/index.php?rest_route=%2Fwp%2Fv2%2Ftags&post=28713"}],"curies":[{"name":"wp","href":"https:\/\/api.w.org\/{rel}","templated":true}]}}