{"id":28710,"date":"2025-05-14T14:38:06","date_gmt":"2025-05-14T11:38:06","guid":{"rendered":"https:\/\/www.egemtv.com\/?p=28710"},"modified":"2025-05-14T14:38:12","modified_gmt":"2025-05-14T11:38:12","slug":"mandalinciden-isgaliye-uyarisi","status":"publish","type":"post","link":"https:\/\/www.egemtv.com\/?p=28710","title":{"rendered":"Mandalinci\u2019den i\u015fgaliye uyar\u0131s\u0131"},"content":{"rendered":"<p>Bodrum Belediye Ba\u015fkan\u0131 Tamer Mandalinci, saha ziyaretlerine G\u00fcmbet Mahallesinde devam etti. G\u00fcmbet\u2019te sokak sokak incelemelerde bulunan Ba\u015fkan Mandalinci, i\u015fgaliye konusundaki hassasiyetlerini esnaflarla payla\u015ft\u0131.<\/p>\n<p>Yerinde tespit edip h\u0131zl\u0131 \u00e7\u00f6z\u00fcmler \u00fcretmek i\u00e7in saha \u00e7al\u0131\u015fmalar\u0131na devam eden Bodrum Belediye Ba\u015fkan\u0131 Tamer Mandalinci, son ziyaretini G\u00fcmbet Mahallesine ger\u00e7ekle\u015ftirdi.<\/p>\n<p>G\u00fcmbet Ayaz Caddesi\u2019nden ba\u015flayan saha \u00e7al\u0131\u015fmas\u0131; Adnan Menderes Caddesi, Yarbay Sabri Erg\u00fcn Sokak, Plaj Sokak ve ba\u011fl\u0131 bulunan ara sokaklar ile sahilde ger\u00e7ekle\u015ftirilen incelemelerle devam etti.<\/p>\n<p>Ba\u015fkan Mandalinci\u2019ye ba\u015fkan yard\u0131mc\u0131lar\u0131, ilgili birim m\u00fcd\u00fcrleri, Mu\u011fla B\u00fcy\u00fck \u015eehir Belediyesi ve MUSK\u0130 1. B\u00f6lge Genel Koordinat\u00f6r\u00fc Abdullah Engin Ba\u015fol ve MUSK\u0130 Su ve Kanalizasyon 1. B\u00f6lge Daire Ba\u015fkan\u0131 Atilla Ayda\u015fo\u011flu, G\u00fcmbet Mahalle Muhtar\u0131 Ali Haydar Mahsur, Bodrum Otelciler Derne\u011fi Ba\u015fkan\u0131 \u00d6mer Faruk Dengiz ile turizmciler e\u015flik etti.<\/p>\n<p>Yaz sezonunun iyi ge\u00e7mesi temennileriyle esnaflarla bulu\u015fan Ba\u015fkan Mandalinci; dilek, istek ve \u015fikayetleri dikkatle dinleyerek ilgili m\u00fcd\u00fcrl\u00fcklerin ivedilikle \u00e7\u00f6z\u00fcme ula\u015ft\u0131rmas\u0131 konusunda talimat verdi. G\u00f6r\u00fc\u015fmelerinde \u00f6zellikle i\u015fgaliye konusunda hassasiyetlerini de dile getiren Ba\u015fkan Tamer Mandalinci, b\u00f6lgede yap\u0131lan \u00e7al\u0131\u015fmalar\u0131 da yerinde inceleme f\u0131rsat\u0131 buldu.<\/p>\n<p>Turizm hareketlili\u011finin ba\u015flad\u0131\u011f\u0131 mahallelere ziyaretlerinin devam edece\u011fini belirten Ba\u015fkan Mandalinci, i\u015fgaliye ve \u00e7evre d\u00fczeni konusunda titizlikle hareket edeceklerini belirterek t\u00fcm esnaflardan destek istedi.<\/p>\n<p>Bodrum Belediye Ba\u015fkan\u0131 Tamer Mandalinci, i\u015fgaliye konusuna dikkat \u00e7ekerek \u015funlar\u0131 s\u00f6yledi:<br \/>\n<br \/>&#8220;T\u00fcm esnaf ve i\u015fletme sahiplerinin, mevcut izin s\u0131n\u0131rlar\u0131 i\u00e7inde kalmalar\u0131 istiyoruz. Kamusal alanlar\u0131 daraltan ve kent esteti\u011fini bozan her t\u00fcrl\u00fc i\u015fgale kar\u015f\u0131 uyar\u0131lar\u0131m\u0131z\u0131 her f\u0131rsatta yap\u0131yoruz. Bu konuda halk\u0131m\u0131zdan da hassasiyet g\u00f6stermesi en b\u00fcy\u00fck temennimiz. Bodrum\u2019un \u00f6zg\u00fcn kent kimli\u011fini korumak, ya\u015fam kalitesini art\u0131rmak ve kamusal alanlar\u0131 halk\u0131n ortak kullan\u0131m\u0131na a\u00e7\u0131k tutmak hepimizin g\u00f6revidir. Halk\u0131n ortak ya\u015fam alanlar\u0131n\u0131 korumak i\u00e7in kararl\u0131l\u0131kla \u00e7al\u0131\u015fmaya devam edece\u011fiz&#8221;<\/p>\n<p>Ba\u015fkan Mandalinci\u2019nin saha ziyaretinin ard\u0131ndan tespit edilen baz\u0131 aksakl\u0131klarla ilgili Destek Hizmetleri M\u00fcd\u00fcrl\u00fc\u011f\u00fc ivedi olarak sahaya inerek gerekli \u00e7al\u0131\u015fmalar\u0131 ba\u015flatt\u0131.<br \/><\/p>\n","protected":false},"excerpt":{"rendered":"<p>Bodrum Belediye Ba\u015fkan\u0131 Tamer Mandalinci, saha ziyaretlerine G\u00fcmbet Mahallesinde devam etti. G\u00fcmbet\u2019te sokak sokak incelemelerde bulunan Ba\u015fkan Mandalinci, i\u015fgaliye konusundaki hassasiyetlerini esnaflarla payla\u015ft\u0131. Yerinde tespit edip h\u0131zl\u0131 \u00e7\u00f6z\u00fcmler \u00fcretmek i\u00e7in saha \u00e7al\u0131\u015fmalar\u0131na devam eden Bodrum Belediye Ba\u015fkan\u0131 Tamer Mandalinci, son ziyaretini G\u00fcmbet Mahallesine ger\u00e7ekle\u015ftirdi. G\u00fcmbet Ayaz Caddesi\u2019nden ba\u015flayan saha \u00e7al\u0131\u015fmas\u0131; Adnan Menderes Caddesi, Yarbay Sabri&#8230;<\/p>\n","protected":false},"author":1,"featured_media":28711,"comment_status":"open","ping_status":"open","sticky":false,"template":"","format":"standard","meta":{"_crdt_document":"","footnotes":""},"categories":[123],"tags":[],"class_list":["post-28710","post","type-post","status-publish","format-standard","has-post-thumbnail","hentry","category-gundem"],"_links":{"self":[{"href":"https:\/\/www.egemtv.com\/index.php?rest_route=\/wp\/v2\/posts\/28710","targetHints":{"allow":["GET"]}}],"collection":[{"href":"https:\/\/www.egemtv.com\/index.php?rest_route=\/wp\/v2\/posts"}],"about":[{"href":"https:\/\/www.egemtv.com\/index.php?rest_route=\/wp\/v2\/types\/post"}],"author":[{"embeddable":true,"href":"https:\/\/www.egemtv.com\/index.php?rest_route=\/wp\/v2\/users\/1"}],"replies":[{"embeddable":true,"href":"https:\/\/www.egemtv.com\/index.php?rest_route=%2Fwp%2Fv2%2Fcomments&post=28710"}],"version-history":[{"count":1,"href":"https:\/\/www.egemtv.com\/index.php?rest_route=\/wp\/v2\/posts\/28710\/revisions"}],"predecessor-version":[{"id":28712,"href":"https:\/\/www.egemtv.com\/index.php?rest_route=\/wp\/v2\/posts\/28710\/revisions\/28712"}],"wp:featuredmedia":[{"embeddable":true,"href":"https:\/\/www.egemtv.com\/index.php?rest_route=\/wp\/v2\/media\/28711"}],"wp:attachment":[{"href":"https:\/\/www.egemtv.com\/index.php?rest_route=%2Fwp%2Fv2%2Fmedia&parent=28710"}],"wp:term":[{"taxonomy":"category","embeddable":true,"href":"https:\/\/www.egemtv.com\/index.php?rest_route=%2Fwp%2Fv2%2Fcategories&post=28710"},{"taxonomy":"post_tag","embeddable":true,"href":"https:\/\/www.egemtv.com\/index.php?rest_route=%2Fwp%2Fv2%2Ftags&post=28710"}],"curies":[{"name":"wp","href":"https:\/\/api.w.org\/{rel}","templated":true}]}}