{"id":28707,"date":"2025-05-14T14:38:01","date_gmt":"2025-05-14T11:38:01","guid":{"rendered":"https:\/\/www.egemtv.com\/?p=28707"},"modified":"2025-05-14T14:38:06","modified_gmt":"2025-05-14T11:38:06","slug":"bozdogan-belediyesinden-arazi-yollarinda-yogun-mesai","status":"publish","type":"post","link":"https:\/\/www.egemtv.com\/?p=28707","title":{"rendered":"Bozdo\u011fan Belediyesi\u2019nden arazi yollar\u0131nda yo\u011fun mesai"},"content":{"rendered":"<p>Bozdo\u011fan Belediyesi, \u00e7ift\u00e7ilerin \u00fcretim alanlar\u0131na daha kolay ula\u015fabilmesi i\u00e7in k\u0131rsal mahallelerdeki arazi yollar\u0131na yo\u011funla\u015ft\u0131. \u0130l\u00e7enin d\u00f6rt bir yan\u0131nda y\u00fcr\u00fct\u00fclen yol d\u00fczenleme \u00e7al\u0131\u015fmalar\u0131yla tarla ve bah\u00e7e yollar\u0131 hem geni\u015fletiliyor hem de modernize ediliyor.<br \/>\n<br \/>Fen \u0130\u015fleri M\u00fcd\u00fcrl\u00fc\u011f\u00fc ekipleri, \u00f6zellikle \u00fcreticilerin en \u00e7ok kulland\u0131\u011f\u0131 g\u00fczerg\u00e2hlarda bozuk zeminleri iyile\u015ftirerek ula\u015f\u0131m konforunu art\u0131r\u0131yor. Tar\u0131msal faaliyetlerin yo\u011fun oldu\u011fu b\u00f6lgelerde yap\u0131lan \u00e7al\u0131\u015fmalar sayesinde \u00e7ift\u00e7iler art\u0131k tarlalar\u0131na daha k\u0131sa s\u00fcrede, daha g\u00fcvenli bir \u015fekilde ula\u015fabiliyor.<br \/>\n<br \/>Bozdo\u011fan Belediye Ba\u015fkan\u0131 Mustafa Galip \u00d6zel\u2019in talimat\u0131yla ba\u015flat\u0131lan \u00e7al\u0131\u015fmalarla, k\u0131rsal kalk\u0131nman\u0131n temeli olan tar\u0131m \u00fcretiminin desteklenmesi ama\u00e7lan\u0131yor.<br \/>\n<br \/>Ba\u015fkan \u00d6zel, konuyla ilgili yapt\u0131\u011f\u0131 a\u00e7\u0131klamada, &#8220;\u00dcreticimizin eme\u011fine sahip \u00e7\u0131kmak, onlar\u0131n i\u015fini kolayla\u015ft\u0131rmak \u00f6ncelikli g\u00f6revimizdir. Arazi yollar\u0131n\u0131 iyile\u015ftirerek hem \u00fcretime hem de k\u00f6ylerimizde ya\u015fam kalitesine katk\u0131 sa\u011fl\u0131yoruz. Yollar\u0131n d\u00fczenlenmesiyle sadece ula\u015f\u0131m de\u011fil, ayn\u0131 zamanda \u00fcretim verimlili\u011fini y\u00fckselterek, \u00e7ift\u00e7ilerimizin Zaman ve maliyetten tasarruf sa\u011flamas\u0131 i\u00e7in durmadan \u00e7al\u0131\u015f\u0131yoruz &#8221; dedi.<br \/><\/p>\n","protected":false},"excerpt":{"rendered":"<p>Bozdo\u011fan Belediyesi, \u00e7ift\u00e7ilerin \u00fcretim alanlar\u0131na daha kolay ula\u015fabilmesi i\u00e7in k\u0131rsal mahallelerdeki arazi yollar\u0131na yo\u011funla\u015ft\u0131. \u0130l\u00e7enin d\u00f6rt bir yan\u0131nda y\u00fcr\u00fct\u00fclen yol d\u00fczenleme \u00e7al\u0131\u015fmalar\u0131yla tarla ve bah\u00e7e yollar\u0131 hem geni\u015fletiliyor hem de modernize ediliyor. Fen \u0130\u015fleri M\u00fcd\u00fcrl\u00fc\u011f\u00fc ekipleri, \u00f6zellikle \u00fcreticilerin en \u00e7ok kulland\u0131\u011f\u0131 g\u00fczerg\u00e2hlarda bozuk zeminleri iyile\u015ftirerek ula\u015f\u0131m konforunu art\u0131r\u0131yor. Tar\u0131msal faaliyetlerin yo\u011fun oldu\u011fu b\u00f6lgelerde yap\u0131lan \u00e7al\u0131\u015fmalar&#8230;<\/p>\n","protected":false},"author":1,"featured_media":28708,"comment_status":"open","ping_status":"open","sticky":false,"template":"","format":"standard","meta":{"_crdt_document":"","footnotes":""},"categories":[1],"tags":[],"class_list":["post-28707","post","type-post","status-publish","format-standard","has-post-thumbnail","hentry","category-guncel"],"_links":{"self":[{"href":"https:\/\/www.egemtv.com\/index.php?rest_route=\/wp\/v2\/posts\/28707","targetHints":{"allow":["GET"]}}],"collection":[{"href":"https:\/\/www.egemtv.com\/index.php?rest_route=\/wp\/v2\/posts"}],"about":[{"href":"https:\/\/www.egemtv.com\/index.php?rest_route=\/wp\/v2\/types\/post"}],"author":[{"embeddable":true,"href":"https:\/\/www.egemtv.com\/index.php?rest_route=\/wp\/v2\/users\/1"}],"replies":[{"embeddable":true,"href":"https:\/\/www.egemtv.com\/index.php?rest_route=%2Fwp%2Fv2%2Fcomments&post=28707"}],"version-history":[{"count":1,"href":"https:\/\/www.egemtv.com\/index.php?rest_route=\/wp\/v2\/posts\/28707\/revisions"}],"predecessor-version":[{"id":28709,"href":"https:\/\/www.egemtv.com\/index.php?rest_route=\/wp\/v2\/posts\/28707\/revisions\/28709"}],"wp:featuredmedia":[{"embeddable":true,"href":"https:\/\/www.egemtv.com\/index.php?rest_route=\/wp\/v2\/media\/28708"}],"wp:attachment":[{"href":"https:\/\/www.egemtv.com\/index.php?rest_route=%2Fwp%2Fv2%2Fmedia&parent=28707"}],"wp:term":[{"taxonomy":"category","embeddable":true,"href":"https:\/\/www.egemtv.com\/index.php?rest_route=%2Fwp%2Fv2%2Fcategories&post=28707"},{"taxonomy":"post_tag","embeddable":true,"href":"https:\/\/www.egemtv.com\/index.php?rest_route=%2Fwp%2Fv2%2Ftags&post=28707"}],"curies":[{"name":"wp","href":"https:\/\/api.w.org\/{rel}","templated":true}]}}