{"id":28674,"date":"2025-05-14T13:37:12","date_gmt":"2025-05-14T10:37:12","guid":{"rendered":"https:\/\/www.egemtv.com\/?p=28674"},"modified":"2025-05-14T13:37:17","modified_gmt":"2025-05-14T10:37:17","slug":"muglada-cami-engelli-bulusmasi-gerceklestirildi","status":"publish","type":"post","link":"https:\/\/www.egemtv.com\/?p=28674","title":{"rendered":"Mu\u011fla\u2019da &#8220;cami-engelli bulu\u015fmas\u0131&#8221; ger\u00e7ekle\u015ftirildi"},"content":{"rendered":"<p>Mu\u011fla \u0130l M\u00fcft\u00fcl\u00fc\u011f\u00fc Engelli Koordinat\u00f6rl\u00fc\u011f\u00fc, 10-16 May\u0131s Engelliler Haftas\u0131 kapsam\u0131nda anlaml\u0131 bir etkinli\u011fe imza att\u0131. Tarihi Kur\u015funlu Camii\u2019nde d\u00fczenlenen &#8220;Cami-Engelli Bulu\u015fmas\u0131&#8221; program\u0131 ger\u00e7ekle\u015ftirildi.<\/p>\n<p>T\u00fcrkiye Diyanet Vakf\u0131 (TDV) Mu\u011fla \u015eubesi\u2019nin katk\u0131lar\u0131yla ger\u00e7ekle\u015fen bulu\u015fma, engelli bireylerin cami merkezli sosyal hayata kat\u0131l\u0131m\u0131n\u0131 art\u0131rmay\u0131 ve toplumsal fark\u0131ndal\u0131\u011f\u0131 g\u00fc\u00e7lendirmeyi ama\u00e7lad\u0131.<\/p>\n<p>Etkinli\u011fe, Mu\u011fla \u0130l M\u00fcft\u00fcs\u00fc Ya\u015far \u00c7ap\u00e7\u0131, Aile ve Sosyal Hizmetler \u0130l M\u00fcd\u00fcr\u00fc Yakup K\u00fct\u00fck, Mente\u015fe \u0130l\u00e7e M\u00fcft\u00fcs\u00fc Dr. Ertu\u011frul Ak\u0131n, Mu\u011fla B\u00fcy\u00fck\u015fehir Belediyesi Sosyal Hizmetler \u015eube M\u00fcd\u00fcr\u00fc Zeliha T\u00fcmer, Mu\u011fla Engelliler Derne\u011fi Ba\u015fkan\u0131 Emine \u00c7ak\u0131ro\u011flu, Zihinsel Engelliler Derne\u011fi Ba\u015fkan\u0131 Menderes \u00c7etin\u00f6zl\u00fc, TDV Mu\u011fla Kad\u0131n Kollar\u0131 Ba\u015fkan\u0131 Hilal \u00c7ap\u00e7\u0131 ve bir\u00e7ok g\u00f6n\u00fcll\u00fc kat\u0131ld\u0131.<\/p>\n<p>Program, Kur\u2019an-\u0131 Kerim tilavetiyle ba\u015flad\u0131. Kur\u015funlu Camii \u0130mam Hatibi Yadigar Ceylan\u2019\u0131n seslendirdi\u011fi tilavetin ard\u0131ndan konu\u015fmalara ge\u00e7ildi.<\/p>\n<p>\u0130l M\u00fcft\u00fcs\u00fc Ya\u015far \u00c7ap\u00e7\u0131, Engelliler Haftas\u0131\u2019n\u0131n ta\u015f\u0131d\u0131\u011f\u0131 manevi \u00f6neme dikkat \u00e7ekerek, fiziksel ya da zihinsel engelin hayat\u0131n do\u011fal bir par\u00e7as\u0131 oldu\u011funu vurgulad\u0131. &#8220;Diyanet camias\u0131 olarak, engelli karde\u015flerimizin her zaman yan\u0131nday\u0131z. Onlar\u0131n camilerde, sosyal hayatta ve ibadet ortamlar\u0131nda kendilerini daha fazla ifade edebilmeleri i\u00e7in \u00fczerimize d\u00fc\u015fen t\u00fcm sorumlulu\u011fu yerine getirmeye haz\u0131r\u0131z,&#8221; diyen \u00c7ap\u00e7\u0131, programa kat\u0131lan herkese te\u015fekk\u00fcr etti.<\/p>\n<p>Aile ve Sosyal Hizmetler \u0130l M\u00fcd\u00fcr\u00fc Yakup K\u00fct\u00fck de konu\u015fmas\u0131nda, engelli bireylerin ve ailelerinin ya\u015fam\u0131n\u0131 kolayla\u015ft\u0131rmak ad\u0131na kamu kurumlar\u0131n\u0131n b\u00fcy\u00fck bir hassasiyetle \u00e7al\u0131\u015ft\u0131\u011f\u0131n\u0131 ifade etti. &#8220;Sadece \u00f6zel g\u00fcnlerde de\u011fil, y\u0131l\u0131n her an\u0131nda, gece g\u00fcnd\u00fcz demeden t\u00fcm imk\u00e2nlar\u0131m\u0131zla engelli bireylerin yan\u0131nday\u0131z&#8221; dedi.<\/p>\n<p>Mente\u015fe \u0130l\u00e7e M\u00fcft\u00fcs\u00fc Dr. Ertu\u011frul Ak\u0131n ise b\u00f6yle anlaml\u0131 bir etkinlikte yer almaktan duydu\u011fu memnuniyeti dile getirerek, bu t\u00fcr bulu\u015fmalar\u0131n toplumsal b\u00fct\u00fcnle\u015fme a\u00e7\u0131s\u0131ndan \u00f6nem ta\u015f\u0131d\u0131\u011f\u0131n\u0131 belirtti.<\/p>\n<p>Mu\u011fla Engelliler Derne\u011fi Ba\u015fkan\u0131 Emine \u00c7ak\u0131ro\u011flu ve Zihinsel Engelliler Derne\u011fi Ba\u015fkan\u0131 Menderes \u00c7etin\u00f6zl\u00fc de konu\u015fmalar\u0131nda, engellilere y\u00f6nelik fark\u0131ndal\u0131\u011f\u0131n sadece belirli haftalarla s\u0131n\u0131rl\u0131 kalmamas\u0131 gerekti\u011fine dikkat \u00e7ekti. Her bireyin birer engelli aday\u0131 oldu\u011funu hat\u0131rlatan \u00c7ak\u0131ro\u011flu ve \u00c7etin\u00f6zl\u00fc, bu bilin\u00e7le hareket edilmesinin toplumsal empatiyi art\u0131raca\u011f\u0131n\u0131 ifade etti.<br \/><\/p>\n","protected":false},"excerpt":{"rendered":"<p>Mu\u011fla \u0130l M\u00fcft\u00fcl\u00fc\u011f\u00fc Engelli Koordinat\u00f6rl\u00fc\u011f\u00fc, 10-16 May\u0131s Engelliler Haftas\u0131 kapsam\u0131nda anlaml\u0131 bir etkinli\u011fe imza att\u0131. Tarihi Kur\u015funlu Camii\u2019nde d\u00fczenlenen &#8220;Cami-Engelli Bulu\u015fmas\u0131&#8221; program\u0131 ger\u00e7ekle\u015ftirildi. T\u00fcrkiye Diyanet Vakf\u0131 (TDV) Mu\u011fla \u015eubesi\u2019nin katk\u0131lar\u0131yla ger\u00e7ekle\u015fen bulu\u015fma, engelli bireylerin cami merkezli sosyal hayata kat\u0131l\u0131m\u0131n\u0131 art\u0131rmay\u0131 ve toplumsal fark\u0131ndal\u0131\u011f\u0131 g\u00fc\u00e7lendirmeyi ama\u00e7lad\u0131. Etkinli\u011fe, Mu\u011fla \u0130l M\u00fcft\u00fcs\u00fc Ya\u015far \u00c7ap\u00e7\u0131, Aile ve Sosyal Hizmetler&#8230;<\/p>\n","protected":false},"author":1,"featured_media":28675,"comment_status":"open","ping_status":"open","sticky":false,"template":"","format":"standard","meta":{"_crdt_document":"","footnotes":""},"categories":[1],"tags":[],"class_list":["post-28674","post","type-post","status-publish","format-standard","has-post-thumbnail","hentry","category-guncel"],"_links":{"self":[{"href":"https:\/\/www.egemtv.com\/index.php?rest_route=\/wp\/v2\/posts\/28674","targetHints":{"allow":["GET"]}}],"collection":[{"href":"https:\/\/www.egemtv.com\/index.php?rest_route=\/wp\/v2\/posts"}],"about":[{"href":"https:\/\/www.egemtv.com\/index.php?rest_route=\/wp\/v2\/types\/post"}],"author":[{"embeddable":true,"href":"https:\/\/www.egemtv.com\/index.php?rest_route=\/wp\/v2\/users\/1"}],"replies":[{"embeddable":true,"href":"https:\/\/www.egemtv.com\/index.php?rest_route=%2Fwp%2Fv2%2Fcomments&post=28674"}],"version-history":[{"count":1,"href":"https:\/\/www.egemtv.com\/index.php?rest_route=\/wp\/v2\/posts\/28674\/revisions"}],"predecessor-version":[{"id":28676,"href":"https:\/\/www.egemtv.com\/index.php?rest_route=\/wp\/v2\/posts\/28674\/revisions\/28676"}],"wp:featuredmedia":[{"embeddable":true,"href":"https:\/\/www.egemtv.com\/index.php?rest_route=\/wp\/v2\/media\/28675"}],"wp:attachment":[{"href":"https:\/\/www.egemtv.com\/index.php?rest_route=%2Fwp%2Fv2%2Fmedia&parent=28674"}],"wp:term":[{"taxonomy":"category","embeddable":true,"href":"https:\/\/www.egemtv.com\/index.php?rest_route=%2Fwp%2Fv2%2Fcategories&post=28674"},{"taxonomy":"post_tag","embeddable":true,"href":"https:\/\/www.egemtv.com\/index.php?rest_route=%2Fwp%2Fv2%2Ftags&post=28674"}],"curies":[{"name":"wp","href":"https:\/\/api.w.org\/{rel}","templated":true}]}}