{"id":28659,"date":"2025-05-14T12:57:06","date_gmt":"2025-05-14T09:57:06","guid":{"rendered":"https:\/\/www.egemtv.com\/?p=28659"},"modified":"2025-05-14T12:57:11","modified_gmt":"2025-05-14T09:57:11","slug":"dostek-koleji-babafeste-tasarimlariyla-damga-vuracak","status":"publish","type":"post","link":"https:\/\/www.egemtv.com\/?p=28659","title":{"rendered":"DOSTEK Koleji, BabaFest\u2019e tasar\u0131mlar\u0131yla damga vuracak"},"content":{"rendered":"<p>Babada\u011f Belediyesi, Babada\u011fl\u0131 Sanayici ve \u0130\u015f \u0130nsanlar\u0131 Derne\u011fi (BAS\u0130AD) ile Denizli Organize Sanayi B\u00f6lgesi Sanayicileri Vakf\u0131na (DOSAV) ba\u011fl\u0131 DOSTEK Koleji, k\u00fclt\u00fcr, sanat ve e\u011fitimi bir araya getiren \u00f6nemli bir i\u015fbirli\u011fine imza att\u0131.<\/p>\n<p>2025 y\u0131l\u0131 Ekim ay\u0131nda Babada\u011f\u2019da ger\u00e7ekle\u015ftirilecek olan BabaFest kapsam\u0131nda, DOSTEK Koleji \u00f6\u011frencilerinin kendi tasarlay\u0131p diktikleri k\u0131yafetlerle ger\u00e7ekle\u015ftirecekleri \u00f6zel bir moda defilesi d\u00fczenlenecek.<br \/>\n<br \/>S\u00f6z konusu i\u015fbirli\u011fini resmiyete kavu\u015fturan protokol, Denizli OSB M\u00fcd\u00fcrl\u00fc\u011f\u00fc Toplant\u0131 Salonu\u2019nda Babada\u011f Belediye Ba\u015fkan\u0131 Murat Kumral, BAS\u0130AD Y\u00f6netim Kurulu Ba\u015fkan\u0131 Do\u011fan De\u011firmenci ve BAS\u0130AD Y\u00f6netimi, Denizli OSB Y\u00f6netim Kurulu Ba\u015fkan\u0131 Derya Baltal\u0131, Y\u00f6netim Kurulu Ba\u015fkan Vekilleri Selim Yaymano\u011flu, Osman U\u011furlu, Y\u00f6netim Kurulu \u00dcyeleri Mehmet \u00c7al\u0131\u015fkan, \u0130smail Aslan ve B\u00f6lge M\u00fcd\u00fcr\u00fc ve DOSAV Genel Sekreteri Ahmet Ta\u015f\u2019\u0131n kat\u0131l\u0131m\u0131yla imzaland\u0131.<\/p>\n<p>DOSTEK Koleji tasarlay\u0131p dikecek, Babada\u011f kuma\u015flar\u0131 defilede boy g\u00f6sterecek<br \/>\n<br \/>Protokol do\u011frultusunda, DOSTEK Koleji Moda Tasar\u0131m\u0131 B\u00f6l\u00fcm\u00fc \u00f6\u011frencileri, festival i\u00e7in Babada\u011f il\u00e7esinde yerel dokuma tezg\u00e2hlar\u0131nda dokunan Babada\u011f kuma\u015flar\u0131n\u0131n tan\u0131t\u0131labilmesi amac\u0131yla bu kuma\u015flardan \u00f6zg\u00fcn tasar\u0131mlar\u0131n\u0131 \u00fcretme ve defilede sergileme imk\u00e2n\u0131 bulacak. \u00d6\u011frenciler, yaln\u0131zca k\u0131yafet tasarlamakla kalmayacak; ayn\u0131 zamanda bu k\u0131yafetleri dikerek profesyonel bir defile sunumu ger\u00e7ekle\u015ftirecekler.<br \/>\n<br \/>Etkinlik, gen\u00e7lerin mesleki geli\u015fimine katk\u0131 sunman\u0131n yan\u0131 s\u0131ra, Babada\u011f\u2019\u0131n tarihi ve k\u00fclt\u00fcrel zenginliklerinin sanatla bulu\u015fmas\u0131na da vesile olacak. B\u00f6ylece hem e\u011fitim hem de yerel tan\u0131t\u0131m a\u00e7\u0131s\u0131ndan \u00f6nemli bir ad\u0131m at\u0131lm\u0131\u015f olacak.<\/p>\n<p>&#8220;E\u011fitim, sanayi ve k\u00fclt\u00fcrel faaliyetlerin bulu\u015ftu\u011fu \u00f6nemli bir etkinlik&#8221;<br \/>\n<br \/>\u0130mzalanan protokol ile ilgili g\u00f6r\u00fc\u015flerini payla\u015fan Denizli OSB Y\u00f6netim Kurulu Ba\u015fkan\u0131 Derya Baltal\u0131; &#8220;BabaFest, sadece bir festival olman\u0131n \u00f6tesine ge\u00e7erek e\u011fitim, sanayi ve k\u00fclt\u00fcrel faaliyetlerin etkisinin artt\u0131r\u0131lmas\u0131 aras\u0131ndaki i\u015fbirli\u011fini g\u00fc\u00e7lendirmeyi ama\u00e7l\u0131yor. Bu kapsamda imzalanan protokol, gen\u00e7lerimize pratik uygulama alan\u0131 sunarken, yerel y\u00f6netim ve i\u015f d\u00fcnyas\u0131n\u0131n e\u011fitime verdi\u011fi deste\u011fi de g\u00f6zler \u00f6n\u00fcne seriyor. DOSTEK Koleji \u00f6\u011frencilerimizin emeklerini ve ba\u015far\u0131lar\u0131n\u0131 g\u00f6zler \u00f6n\u00fcne serece\u011fi etkinli\u011fin \u015fimdiden hay\u0131rl\u0131 olmas\u0131n\u0131 diliyoruz. B\u00f6ylesine de\u011ferli bir organizasyonun d\u00fczenlenmesinde eme\u011fi ge\u00e7en ba\u015fta Babada\u011f Belediye Ba\u015fkan\u0131m\u0131z Murat Kumral ve BAS\u0130AD Y\u00f6netim Kurulu Ba\u015fkan\u0131m\u0131z Do\u011fan De\u011firmenci ile y\u00f6netimi olmak \u00fczere herkese te\u015fekk\u00fcr ederiz&#8221; dedi.<\/p>\n<p>Babada\u011f Belediye Ba\u015fkan\u0131 Murat Kumral ve BAS\u0130AD Y\u00f6netim Kurulu Ba\u015fkan\u0131 Do\u011fan De\u011firmenci ise BabaFest\u2019e desteklerinden dolay\u0131 Denizli OSB Y\u00f6netimine, DOSAV\u2019a ve DOSTEK Koleji y\u00f6netici, \u00f6\u011fretmen ve \u00f6\u011frencilerine te\u015fekk\u00fcr ettiler.<br \/><\/p>\n","protected":false},"excerpt":{"rendered":"<p>Babada\u011f Belediyesi, Babada\u011fl\u0131 Sanayici ve \u0130\u015f \u0130nsanlar\u0131 Derne\u011fi (BAS\u0130AD) ile Denizli Organize Sanayi B\u00f6lgesi Sanayicileri Vakf\u0131na (DOSAV) ba\u011fl\u0131 DOSTEK Koleji, k\u00fclt\u00fcr, sanat ve e\u011fitimi bir araya getiren \u00f6nemli bir i\u015fbirli\u011fine imza att\u0131. 2025 y\u0131l\u0131 Ekim ay\u0131nda Babada\u011f\u2019da ger\u00e7ekle\u015ftirilecek olan BabaFest kapsam\u0131nda, DOSTEK Koleji \u00f6\u011frencilerinin kendi tasarlay\u0131p diktikleri k\u0131yafetlerle ger\u00e7ekle\u015ftirecekleri \u00f6zel bir moda defilesi d\u00fczenlenecek. S\u00f6z&#8230;<\/p>\n","protected":false},"author":1,"featured_media":28660,"comment_status":"open","ping_status":"open","sticky":false,"template":"","format":"standard","meta":{"_crdt_document":"","footnotes":""},"categories":[1],"tags":[],"class_list":["post-28659","post","type-post","status-publish","format-standard","has-post-thumbnail","hentry","category-guncel"],"_links":{"self":[{"href":"https:\/\/www.egemtv.com\/index.php?rest_route=\/wp\/v2\/posts\/28659","targetHints":{"allow":["GET"]}}],"collection":[{"href":"https:\/\/www.egemtv.com\/index.php?rest_route=\/wp\/v2\/posts"}],"about":[{"href":"https:\/\/www.egemtv.com\/index.php?rest_route=\/wp\/v2\/types\/post"}],"author":[{"embeddable":true,"href":"https:\/\/www.egemtv.com\/index.php?rest_route=\/wp\/v2\/users\/1"}],"replies":[{"embeddable":true,"href":"https:\/\/www.egemtv.com\/index.php?rest_route=%2Fwp%2Fv2%2Fcomments&post=28659"}],"version-history":[{"count":1,"href":"https:\/\/www.egemtv.com\/index.php?rest_route=\/wp\/v2\/posts\/28659\/revisions"}],"predecessor-version":[{"id":28661,"href":"https:\/\/www.egemtv.com\/index.php?rest_route=\/wp\/v2\/posts\/28659\/revisions\/28661"}],"wp:featuredmedia":[{"embeddable":true,"href":"https:\/\/www.egemtv.com\/index.php?rest_route=\/wp\/v2\/media\/28660"}],"wp:attachment":[{"href":"https:\/\/www.egemtv.com\/index.php?rest_route=%2Fwp%2Fv2%2Fmedia&parent=28659"}],"wp:term":[{"taxonomy":"category","embeddable":true,"href":"https:\/\/www.egemtv.com\/index.php?rest_route=%2Fwp%2Fv2%2Fcategories&post=28659"},{"taxonomy":"post_tag","embeddable":true,"href":"https:\/\/www.egemtv.com\/index.php?rest_route=%2Fwp%2Fv2%2Ftags&post=28659"}],"curies":[{"name":"wp","href":"https:\/\/api.w.org\/{rel}","templated":true}]}}