{"id":28656,"date":"2025-05-14T12:57:01","date_gmt":"2025-05-14T09:57:01","guid":{"rendered":"https:\/\/www.egemtv.com\/?p=28656"},"modified":"2025-05-14T12:57:05","modified_gmt":"2025-05-14T09:57:05","slug":"ispanyol-ogrenciler-huzurevinde-staj-yapiyor","status":"publish","type":"post","link":"https:\/\/www.egemtv.com\/?p=28656","title":{"rendered":"\u0130spanyol \u00f6\u011frenciler huzurevinde staj yap\u0131yor"},"content":{"rendered":"<p>K\u00fctahya\u2019n\u0131n Tav\u015fanl\u0131 Arslanbey Ticaret Mesleki ve Teknik Anadolu Lisesi ile \u0130spanya\u2019n\u0131n Tarragona ilindeki Institut pblic Julio Antonio okullar\u0131 aras\u0131ndaki ba\u015far\u0131l\u0131 Erasmus+ Projesi i\u015f birli\u011fi devam ediyor. 4 y\u0131ld\u0131r s\u00fcrd\u00fcr\u00fclen proje kapsam\u0131nda bu y\u0131l da \u0130spanya\u2019dan misafir \u00f6\u011frenciler Tav\u015fanl\u0131\u2019da a\u011f\u0131rlan\u0131yor.<br \/>\n<br \/>Proje \u00e7er\u00e7evesinde, engelli-ya\u015fl\u0131 bak\u0131m alan\u0131nda e\u011fitim g\u00f6ren 4 \u0130spanyol k\u0131z \u00f6\u011frenci, Tav\u015fanl\u0131 Belediyesi Cemil K\u00f6yl\u00fc Huzurevi\u2019nde stajlar\u0131na ba\u015flad\u0131. \u00d6\u011frencilere e\u015flik eden \u00f6\u011fretmenleri Mireia Simon, bu y\u0131l d\u00f6rd\u00fcnc\u00fcs\u00fcn\u00fc ger\u00e7ekle\u015ftirdikleri bu anlaml\u0131 projenin \u00f6n\u00fcm\u00fczdeki y\u0131llarda da devam etmesi temennisinde bulundu.<br \/>\n<br \/>Tav\u015fanl\u0131\u2019ya \u00fc\u00e7\u00fcnc\u00fc kez geldi\u011fini belirten Mireia Simon, il\u00e7ede \u00f6\u011frencileri i\u00e7in huzurlu ve g\u00fcvenli bir e\u011fitim ortam\u0131 bulmaktan duydu\u011fu memnuniyeti dile getirdi.<br \/>\n<br \/>Arslanbey Ticaret Mesleki ve Teknik Anadolu Lisesi Erasmus projeleri koordinat\u00f6r\u00fc Remzi Tevfik Y\u00fccel ise Mireia Simon ile bu projeyi y\u00fcr\u00fctmekten dolay\u0131 duydu\u011fu mutlulu\u011fu ifade etti. 2024 y\u0131l\u0131nda 12 \u00f6\u011frenci ve 2 \u00f6\u011fretmenle kendilerinin de \u0130spanya\u2019da staj deneyimi ya\u015fad\u0131klar\u0131n\u0131 hat\u0131rlatan Y\u00fccel, uygun \u015fartlar\u0131n olu\u015fmas\u0131 halinde \u00f6n\u00fcm\u00fczdeki y\u0131l Tav\u015fanl\u0131\u2019dan \u00f6\u011frencilerin tekrar \u0130spanya\u2019da staj e\u011fitimi g\u00f6rmelerini hedeflediklerini kaydetti.<br \/>\n<br \/>Bu uluslararas\u0131 i\u015f birli\u011fi projesi, \u00f6\u011frencilere farkl\u0131 k\u00fclt\u00fcrleri tan\u0131ma ve mesleki deneyim kazanma f\u0131rsat\u0131 sunarken, okullar aras\u0131ndaki ba\u011flar\u0131n g\u00fc\u00e7lenmesine de katk\u0131 sa\u011fl\u0131yor.<br \/><\/p>\n","protected":false},"excerpt":{"rendered":"<p>K\u00fctahya\u2019n\u0131n Tav\u015fanl\u0131 Arslanbey Ticaret Mesleki ve Teknik Anadolu Lisesi ile \u0130spanya\u2019n\u0131n Tarragona ilindeki Institut pblic Julio Antonio okullar\u0131 aras\u0131ndaki ba\u015far\u0131l\u0131 Erasmus+ Projesi i\u015f birli\u011fi devam ediyor. 4 y\u0131ld\u0131r s\u00fcrd\u00fcr\u00fclen proje kapsam\u0131nda bu y\u0131l da \u0130spanya\u2019dan misafir \u00f6\u011frenciler Tav\u015fanl\u0131\u2019da a\u011f\u0131rlan\u0131yor. Proje \u00e7er\u00e7evesinde, engelli-ya\u015fl\u0131 bak\u0131m alan\u0131nda e\u011fitim g\u00f6ren 4 \u0130spanyol k\u0131z \u00f6\u011frenci, Tav\u015fanl\u0131 Belediyesi Cemil K\u00f6yl\u00fc Huzurevi\u2019nde&#8230;<\/p>\n","protected":false},"author":1,"featured_media":28657,"comment_status":"open","ping_status":"open","sticky":false,"template":"","format":"standard","meta":{"_crdt_document":"","footnotes":""},"categories":[1],"tags":[],"class_list":["post-28656","post","type-post","status-publish","format-standard","has-post-thumbnail","hentry","category-guncel"],"_links":{"self":[{"href":"https:\/\/www.egemtv.com\/index.php?rest_route=\/wp\/v2\/posts\/28656","targetHints":{"allow":["GET"]}}],"collection":[{"href":"https:\/\/www.egemtv.com\/index.php?rest_route=\/wp\/v2\/posts"}],"about":[{"href":"https:\/\/www.egemtv.com\/index.php?rest_route=\/wp\/v2\/types\/post"}],"author":[{"embeddable":true,"href":"https:\/\/www.egemtv.com\/index.php?rest_route=\/wp\/v2\/users\/1"}],"replies":[{"embeddable":true,"href":"https:\/\/www.egemtv.com\/index.php?rest_route=%2Fwp%2Fv2%2Fcomments&post=28656"}],"version-history":[{"count":1,"href":"https:\/\/www.egemtv.com\/index.php?rest_route=\/wp\/v2\/posts\/28656\/revisions"}],"predecessor-version":[{"id":28658,"href":"https:\/\/www.egemtv.com\/index.php?rest_route=\/wp\/v2\/posts\/28656\/revisions\/28658"}],"wp:featuredmedia":[{"embeddable":true,"href":"https:\/\/www.egemtv.com\/index.php?rest_route=\/wp\/v2\/media\/28657"}],"wp:attachment":[{"href":"https:\/\/www.egemtv.com\/index.php?rest_route=%2Fwp%2Fv2%2Fmedia&parent=28656"}],"wp:term":[{"taxonomy":"category","embeddable":true,"href":"https:\/\/www.egemtv.com\/index.php?rest_route=%2Fwp%2Fv2%2Fcategories&post=28656"},{"taxonomy":"post_tag","embeddable":true,"href":"https:\/\/www.egemtv.com\/index.php?rest_route=%2Fwp%2Fv2%2Ftags&post=28656"}],"curies":[{"name":"wp","href":"https:\/\/api.w.org\/{rel}","templated":true}]}}