{"id":28653,"date":"2025-05-14T12:36:23","date_gmt":"2025-05-14T09:36:23","guid":{"rendered":"https:\/\/www.egemtv.com\/?p=28653"},"modified":"2025-05-14T12:36:30","modified_gmt":"2025-05-14T09:36:30","slug":"kutahyada-kargoyla-uyusturucu-sevkiyatina-1-tutuklama","status":"publish","type":"post","link":"https:\/\/www.egemtv.com\/?p=28653","title":{"rendered":"K\u00fctahya\u2019da kargoyla uyu\u015fturucu sevkiyat\u0131na 1 tutuklama"},"content":{"rendered":"<p>K\u00fctahya\u2019da uyu\u015fturucu madde bulunan kargo paketinin sahibi tutukland\u0131.<br \/>\n<br \/>\u0130l Emniyet M\u00fcd\u00fcrl\u00fc\u011f\u00fc Narkotik Su\u00e7larla M\u00fccadele \u015eube M\u00fcd\u00fcrl\u00fc\u011f\u00fc ekiplerince yap\u0131lan saha \u00e7al\u0131\u015fmalar\u0131nda kargo ile uyu\u015fturucu madde g\u00f6nderilece\u011fi tespit edildi. Yap\u0131lan planl\u0131 takipte, i\u00e7inde uyu\u015fturucu madde bulunan kargo paketi Narkotim ekiplerince ele ge\u00e7irildi. Kargo paketi i\u00e7inde 2 bin 772 adet sentetik ecza ele ge\u00e7irildi.<br \/>\n<br \/>Kargonun S.T. (42) isimli \u015fahsa ait oldu\u011fu tespit edilirken g\u00f6zalt\u0131na al\u0131nan \u015f\u00fcpheli emniyetteki i\u015flemlerinin ard\u0131ndan \u00e7\u0131kar\u0131ld\u0131\u011f\u0131 mahkemece tutukland\u0131.<br \/><\/p>\n","protected":false},"excerpt":{"rendered":"<p>K\u00fctahya\u2019da uyu\u015fturucu madde bulunan kargo paketinin sahibi tutukland\u0131. \u0130l Emniyet M\u00fcd\u00fcrl\u00fc\u011f\u00fc Narkotik Su\u00e7larla M\u00fccadele \u015eube M\u00fcd\u00fcrl\u00fc\u011f\u00fc ekiplerince yap\u0131lan saha \u00e7al\u0131\u015fmalar\u0131nda kargo ile uyu\u015fturucu madde g\u00f6nderilece\u011fi tespit edildi. Yap\u0131lan planl\u0131 takipte, i\u00e7inde uyu\u015fturucu madde bulunan kargo paketi Narkotim ekiplerince ele ge\u00e7irildi. Kargo paketi i\u00e7inde 2 bin 772 adet sentetik ecza ele ge\u00e7irildi. Kargonun S.T. (42) isimli&#8230;<\/p>\n","protected":false},"author":1,"featured_media":28654,"comment_status":"open","ping_status":"open","sticky":false,"template":"","format":"standard","meta":{"_crdt_document":"","footnotes":""},"categories":[5],"tags":[],"class_list":["post-28653","post","type-post","status-publish","format-standard","has-post-thumbnail","hentry","category-asayis"],"_links":{"self":[{"href":"https:\/\/www.egemtv.com\/index.php?rest_route=\/wp\/v2\/posts\/28653","targetHints":{"allow":["GET"]}}],"collection":[{"href":"https:\/\/www.egemtv.com\/index.php?rest_route=\/wp\/v2\/posts"}],"about":[{"href":"https:\/\/www.egemtv.com\/index.php?rest_route=\/wp\/v2\/types\/post"}],"author":[{"embeddable":true,"href":"https:\/\/www.egemtv.com\/index.php?rest_route=\/wp\/v2\/users\/1"}],"replies":[{"embeddable":true,"href":"https:\/\/www.egemtv.com\/index.php?rest_route=%2Fwp%2Fv2%2Fcomments&post=28653"}],"version-history":[{"count":1,"href":"https:\/\/www.egemtv.com\/index.php?rest_route=\/wp\/v2\/posts\/28653\/revisions"}],"predecessor-version":[{"id":28655,"href":"https:\/\/www.egemtv.com\/index.php?rest_route=\/wp\/v2\/posts\/28653\/revisions\/28655"}],"wp:featuredmedia":[{"embeddable":true,"href":"https:\/\/www.egemtv.com\/index.php?rest_route=\/wp\/v2\/media\/28654"}],"wp:attachment":[{"href":"https:\/\/www.egemtv.com\/index.php?rest_route=%2Fwp%2Fv2%2Fmedia&parent=28653"}],"wp:term":[{"taxonomy":"category","embeddable":true,"href":"https:\/\/www.egemtv.com\/index.php?rest_route=%2Fwp%2Fv2%2Fcategories&post=28653"},{"taxonomy":"post_tag","embeddable":true,"href":"https:\/\/www.egemtv.com\/index.php?rest_route=%2Fwp%2Fv2%2Ftags&post=28653"}],"curies":[{"name":"wp","href":"https:\/\/api.w.org\/{rel}","templated":true}]}}