{"id":28650,"date":"2025-05-14T12:36:18","date_gmt":"2025-05-14T09:36:18","guid":{"rendered":"https:\/\/www.egemtv.com\/?p=28650"},"modified":"2025-05-14T12:36:23","modified_gmt":"2025-05-14T09:36:23","slug":"tavsanlida-fitratin-korunmasi-ve-aile-konferansinda-isaret-diliyle-anlatim-yapildi","status":"publish","type":"post","link":"https:\/\/www.egemtv.com\/?p=28650","title":{"rendered":"Tav\u015fanl\u0131\u2019da \u2019F\u0131trat\u0131n Korunmas\u0131 ve Aile\u2019 konferans\u0131nda i\u015faret diliyle anlat\u0131m yap\u0131ld\u0131"},"content":{"rendered":"<p>K\u00fctahya\u2019n\u0131n Tav\u015fanl\u0131 il\u00e7esinde &#8220;F\u0131trat\u0131n Korunmas\u0131 ve Aile&#8221; konferans\u0131 d\u00fczenlendi. Tav\u015fanl\u0131 K\u00fclt\u00fcr Saray\u0131\u2019nda d\u00fczenlenen konferansta K\u00fctahya \u0130l M\u00fcft\u00fcs\u00fc \u0130rfan A\u00e7\u0131k, vatanda\u015flara aile olma konusunda \u00f6nemli mesajlar aktard\u0131.<br \/>\n<br \/>Tav\u015fanl\u0131 Kaymakam\u0131 Hayrettin Bask\u0131n, Milli E\u011fitim M\u00fcd\u00fcr\u00fc Ra\u015fit K\u00fc\u00e7\u00fckka\u011fn\u0131c\u0131, Sosyal Hizmetler Merkez M\u00fcd\u00fcr\u00fc Havva G\u00fcm\u00fc\u015f, ilgili birim amirleri, vatanda\u015flar ve gen\u00e7lerin kat\u0131ld\u0131\u011f\u0131 konferans, \u0130stiklal Mar\u015f\u0131\u2019n\u0131n okunmas\u0131yla ba\u015flad\u0131. Kuran tilavetinin ard\u0131ndan Tav\u015fanl\u0131 M\u00fcft\u00fcs\u00fc Mevl\u00fct Hakan Asan a\u00e7\u0131l\u0131\u015f konu\u015fmas\u0131n\u0131 yapt\u0131.<br \/>\n<br \/>K\u00fctahya M\u00fcft\u00fcs\u00fc \u0130rfan A\u00e7\u0131k, 30 dakika s\u00fcren sunumunda teknolojik geli\u015fmelere de\u011findi, T\u00fcrk milletinin sistemli bir sald\u0131r\u0131yla kar\u015f\u0131 kar\u015f\u0131ya oldu\u011funu kaydetti. \u0130rfan A\u00e7\u0131k, &#8220;\u00dclkemizde \u00f6zellikle gen\u00e7 \u00e7iftleri zehirleyecek, aile ba\u011flar\u0131n\u0131 zay\u0131flatacak \u00e7ok unsur var. Telefon, tablet, televizyon programlar\u0131. \u0130nan\u0131n kar\u015f\u0131m\u0131zda ki g\u00fc\u00e7ler sistemli ve bilin\u00e7li yapt\u0131klar\u0131 bu eylemlerinde \u00e7ok g\u00fc\u00e7l\u00fc \u00e7al\u0131\u015f\u0131yorlar. Bize d\u00fc\u015fen g\u00f6rev her zaman uyan\u0131k olmak ve ailemizi korumakt\u0131r. \u0130nsan aile ile tamamlan\u0131r. Peygamber efendimizin rehberli\u011finde ailelerimizi y\u00fcceltmeliyiz. Rabbim bize emanet etti\u011fi f\u0131trat\u0131m\u0131z\u0131 korusun. Vakit anne, baba ve e\u015fimize s\u0131ms\u0131k\u0131 sar\u0131lma vaktidir&#8221; ifadelerini kulland\u0131.<br \/>\n<br \/>Konferans boyunca i\u015fitme engelliler i\u00e7in i\u015faret dili ile de anlat\u0131m yap\u0131ld\u0131.<br \/>\n<br \/>Tav\u015fanl\u0131 \u0130l\u00e7e M\u00fcft\u00fcl\u00fc\u011f\u00fc taraf\u0131ndan d\u00fczenlenen program, evliliklerinde 41 y\u0131l\u0131 tamamlam\u0131\u015f personele hediye takdimiyle sona erdi.<br \/><\/p>\n","protected":false},"excerpt":{"rendered":"<p>K\u00fctahya\u2019n\u0131n Tav\u015fanl\u0131 il\u00e7esinde &#8220;F\u0131trat\u0131n Korunmas\u0131 ve Aile&#8221; konferans\u0131 d\u00fczenlendi. Tav\u015fanl\u0131 K\u00fclt\u00fcr Saray\u0131\u2019nda d\u00fczenlenen konferansta K\u00fctahya \u0130l M\u00fcft\u00fcs\u00fc \u0130rfan A\u00e7\u0131k, vatanda\u015flara aile olma konusunda \u00f6nemli mesajlar aktard\u0131. Tav\u015fanl\u0131 Kaymakam\u0131 Hayrettin Bask\u0131n, Milli E\u011fitim M\u00fcd\u00fcr\u00fc Ra\u015fit K\u00fc\u00e7\u00fckka\u011fn\u0131c\u0131, Sosyal Hizmetler Merkez M\u00fcd\u00fcr\u00fc Havva G\u00fcm\u00fc\u015f, ilgili birim amirleri, vatanda\u015flar ve gen\u00e7lerin kat\u0131ld\u0131\u011f\u0131 konferans, \u0130stiklal Mar\u015f\u0131\u2019n\u0131n okunmas\u0131yla ba\u015flad\u0131. Kuran tilavetinin&#8230;<\/p>\n","protected":false},"author":1,"featured_media":28651,"comment_status":"open","ping_status":"open","sticky":false,"template":"","format":"standard","meta":{"_crdt_document":"","footnotes":""},"categories":[1],"tags":[],"class_list":["post-28650","post","type-post","status-publish","format-standard","has-post-thumbnail","hentry","category-guncel"],"_links":{"self":[{"href":"https:\/\/www.egemtv.com\/index.php?rest_route=\/wp\/v2\/posts\/28650","targetHints":{"allow":["GET"]}}],"collection":[{"href":"https:\/\/www.egemtv.com\/index.php?rest_route=\/wp\/v2\/posts"}],"about":[{"href":"https:\/\/www.egemtv.com\/index.php?rest_route=\/wp\/v2\/types\/post"}],"author":[{"embeddable":true,"href":"https:\/\/www.egemtv.com\/index.php?rest_route=\/wp\/v2\/users\/1"}],"replies":[{"embeddable":true,"href":"https:\/\/www.egemtv.com\/index.php?rest_route=%2Fwp%2Fv2%2Fcomments&post=28650"}],"version-history":[{"count":1,"href":"https:\/\/www.egemtv.com\/index.php?rest_route=\/wp\/v2\/posts\/28650\/revisions"}],"predecessor-version":[{"id":28652,"href":"https:\/\/www.egemtv.com\/index.php?rest_route=\/wp\/v2\/posts\/28650\/revisions\/28652"}],"wp:featuredmedia":[{"embeddable":true,"href":"https:\/\/www.egemtv.com\/index.php?rest_route=\/wp\/v2\/media\/28651"}],"wp:attachment":[{"href":"https:\/\/www.egemtv.com\/index.php?rest_route=%2Fwp%2Fv2%2Fmedia&parent=28650"}],"wp:term":[{"taxonomy":"category","embeddable":true,"href":"https:\/\/www.egemtv.com\/index.php?rest_route=%2Fwp%2Fv2%2Fcategories&post=28650"},{"taxonomy":"post_tag","embeddable":true,"href":"https:\/\/www.egemtv.com\/index.php?rest_route=%2Fwp%2Fv2%2Ftags&post=28650"}],"curies":[{"name":"wp","href":"https:\/\/api.w.org\/{rel}","templated":true}]}}