{"id":28620,"date":"2025-05-14T11:55:52","date_gmt":"2025-05-14T08:55:52","guid":{"rendered":"https:\/\/www.egemtv.com\/?p=28620"},"modified":"2025-05-14T11:55:55","modified_gmt":"2025-05-14T08:55:55","slug":"denizli-terziler-odasinda-eski-baskandan-yonetime-rant-ve-kamu-zarari-suclamasi","status":"publish","type":"post","link":"https:\/\/www.egemtv.com\/?p=28620","title":{"rendered":"Denizli Terziler Odas\u0131nda eski ba\u015fkandan y\u00f6netime rant ve kamu zarar\u0131 su\u00e7lamas\u0131"},"content":{"rendered":"<p>Denizli Terziler Konfeksiyoncular ve Giyim Sanatkarlar\u0131 Odas\u0131 eski ba\u015fkanlar\u0131ndan Atalay Coza, oda mevcut y\u00f6netiminin ara\u00e7 al\u0131m\u0131 ve i\u015f gezisi ad\u0131 alt\u0131nda oday\u0131 zarara u\u011fratarak, kendilerine rant sa\u011flad\u0131klar\u0131n\u0131 iddia etti.<\/p>\n<p>Denizli Terziler Konfeksiyoncular ve Giyim Sanatkarlar\u0131 Odas\u0131 y\u00f6netiminin oday\u0131 rant kap\u0131s\u0131 halinde getirdi\u011fini \u00f6ne s\u00fcren eski ba\u015fkanlardan Atalay Coza, &#8220;Oda Ba\u015fkan\u0131 A.C. ve y\u00f6netim kurulu \u00fcyesi Y.G. yapt\u0131klar\u0131 eylemlerle kamu zarar\u0131 olu\u015fturmakta ve kendilerine rant elde etmektedirler. Y\u00f6netim kurulu \u00fcyesi Y.G., yakla\u015f\u0131k 7 ay \u00f6nce e\u015fi Z.G.\u2019nin \u00fcst\u00fcne kay\u0131tl\u0131 olan 2008 model, 12 y\u0131l ticari taksi olarak kullan\u0131lm\u0131\u015f, 8 kazaya kar\u0131\u015fm\u0131\u015f, yakla\u015f\u0131k 520 bin kilometredeki ve galericilerin 250 bin TL dahi vermedi\u011fi arac\u0131n\u0131 piyasada satamay\u0131nca, Ba\u015fkanla anla\u015farak odaya 400 bin TL\u2019ye satm\u0131\u015ft\u0131r. Y\u00f6netim kurulu \u00fcyesi \u015fah\u0131s, arac\u0131n\u0131 hukuken ne kadar etik oldu\u011fu \u015f\u00fcpheli sat\u0131\u015ftan b\u00fcy\u00fck kar elde edilmi\u015ftir. Daha \u00f6nceki ba\u015fkana, se\u00e7im kazanabilmek i\u00e7in bir s\u00fcr\u00fc iftiralardan bulunanlar\u0131n se\u00e7imi ne i\u00e7in kazanmak istedikleri ortaya \u00e7\u0131km\u0131\u015ft\u0131r. Bu ayn\u0131 y\u00f6netim kurulu \u00fcyesi Y.G., Denizli Terziler Odas\u0131n\u0131n ad\u0131n\u0131 kullanarak, her ay i\u015f gezisi ad\u0131 alt\u0131nda \u00fcyeleri \u0130stanbul\u2019a g\u00f6t\u00fcrmekte, bu gezilerden edilen kazan\u00e7 odaya girmeyip Y.G. ve Ba\u015fkan taraf\u0131ndan payla\u015f\u0131lmaktad\u0131r. Bizzat Y.G., kendisi her tur yap\u0131ld\u0131\u011f\u0131nda \u2018Allah raz\u0131 olsun \u00fcyelerimizden, bu ayda 15-20 bin yolumuzu bulduk\u2019 deyip alay etmektedir&#8221; dedi.<\/p>\n<p>&#8220;Odalarda ba\u015fkan maa\u015f\u0131 kald\u0131r\u0131lmal\u0131&#8221;<br \/>\n<br \/>Kamu zarar\u0131na neden olup kendilerine rant elde eden oda y\u00f6neticileri hakk\u0131nda gerekli yasal m\u00fcracaatlar\u0131 yapacaklar\u0131n\u0131 ifade eden Atalay Coza, &#8220;Maddi ve manevi b\u00fcy\u00fck sorumlulu\u011fu olan bu g\u00f6revler, sekt\u00f6rlerde ekmek paras\u0131 i\u00e7in m\u00fccadele eden esnaflara faydal\u0131 olmak i\u00e7in yap\u0131lmal\u0131d\u0131r. Bu makamlar asla ki\u015fisel \u00e7\u0131karlara alet edilmemelidir. Odalarda ba\u015fkan maa\u015f\u0131 kald\u0131r\u0131lmal\u0131, sadece toplant\u0131 ba\u015f\u0131na c\u00fczi huzur hakk\u0131 verilmelidir. Bug\u00fcn 2 bin 40 \u00fcyesi bulunan Denizli Terziler Odas\u0131, ticari taksiden d\u00f6nme, kazal\u0131 bir araca asla lay\u0131k de\u011fildir. Y\u0131ll\u0131k 2 bin 600 TL aidat \u00f6deyen \u00fcyelerin paralar\u0131, toplam 5 milyon 200 bin TL yap\u0131yor. Ayr\u0131ca muhasebe \u00fccreti, fi\u015f ve fatura sat\u0131\u015f\u0131, esnafl\u0131k belgesi gibi yan gelirlerle bu rakam y\u0131ll\u0131k 5,5 milyon TL civar\u0131 ciro oluyor. Herkesin hakk\u0131 olan bir gelirler, b\u00f6yle \u00e7ar\u00e7ur edilmemelidir. Odalar\u0131 bu \u015fekilde kendilerine rant elde etmek i\u00e7in kullanan y\u00f6neticilerin, hem hukuk \u00f6n\u00fcnde hem de \u00fcyelerin nezdinde yap\u0131lacak se\u00e7imlerde cezaland\u0131r\u0131lmas\u0131 gerekti\u011fini d\u00fc\u015f\u00fcn\u00fcyorum&#8221; diye konu\u015ftu.<br \/><\/p>\n","protected":false},"excerpt":{"rendered":"<p>Denizli Terziler Konfeksiyoncular ve Giyim Sanatkarlar\u0131 Odas\u0131 eski ba\u015fkanlar\u0131ndan Atalay Coza, oda mevcut y\u00f6netiminin ara\u00e7 al\u0131m\u0131 ve i\u015f gezisi ad\u0131 alt\u0131nda oday\u0131 zarara u\u011fratarak, kendilerine rant sa\u011flad\u0131klar\u0131n\u0131 iddia etti. Denizli Terziler Konfeksiyoncular ve Giyim Sanatkarlar\u0131 Odas\u0131 y\u00f6netiminin oday\u0131 rant kap\u0131s\u0131 halinde getirdi\u011fini \u00f6ne s\u00fcren eski ba\u015fkanlardan Atalay Coza, &#8220;Oda Ba\u015fkan\u0131 A.C. ve y\u00f6netim kurulu \u00fcyesi&#8230;<\/p>\n","protected":false},"author":1,"featured_media":28621,"comment_status":"open","ping_status":"open","sticky":false,"template":"","format":"standard","meta":{"_crdt_document":"","footnotes":""},"categories":[125],"tags":[],"class_list":["post-28620","post","type-post","status-publish","format-standard","has-post-thumbnail","hentry","category-ekonomi"],"_links":{"self":[{"href":"https:\/\/www.egemtv.com\/index.php?rest_route=\/wp\/v2\/posts\/28620","targetHints":{"allow":["GET"]}}],"collection":[{"href":"https:\/\/www.egemtv.com\/index.php?rest_route=\/wp\/v2\/posts"}],"about":[{"href":"https:\/\/www.egemtv.com\/index.php?rest_route=\/wp\/v2\/types\/post"}],"author":[{"embeddable":true,"href":"https:\/\/www.egemtv.com\/index.php?rest_route=\/wp\/v2\/users\/1"}],"replies":[{"embeddable":true,"href":"https:\/\/www.egemtv.com\/index.php?rest_route=%2Fwp%2Fv2%2Fcomments&post=28620"}],"version-history":[{"count":1,"href":"https:\/\/www.egemtv.com\/index.php?rest_route=\/wp\/v2\/posts\/28620\/revisions"}],"predecessor-version":[{"id":28622,"href":"https:\/\/www.egemtv.com\/index.php?rest_route=\/wp\/v2\/posts\/28620\/revisions\/28622"}],"wp:featuredmedia":[{"embeddable":true,"href":"https:\/\/www.egemtv.com\/index.php?rest_route=\/wp\/v2\/media\/28621"}],"wp:attachment":[{"href":"https:\/\/www.egemtv.com\/index.php?rest_route=%2Fwp%2Fv2%2Fmedia&parent=28620"}],"wp:term":[{"taxonomy":"category","embeddable":true,"href":"https:\/\/www.egemtv.com\/index.php?rest_route=%2Fwp%2Fv2%2Fcategories&post=28620"},{"taxonomy":"post_tag","embeddable":true,"href":"https:\/\/www.egemtv.com\/index.php?rest_route=%2Fwp%2Fv2%2Ftags&post=28620"}],"curies":[{"name":"wp","href":"https:\/\/api.w.org\/{rel}","templated":true}]}}