{"id":28617,"date":"2025-05-14T11:36:40","date_gmt":"2025-05-14T08:36:40","guid":{"rendered":"https:\/\/www.egemtv.com\/?p=28617"},"modified":"2025-05-14T11:36:46","modified_gmt":"2025-05-14T08:36:46","slug":"beyagaci-ziyaret-eden-milletvekili-un-baskan-putun-ve-vatandaslarla-bir-araya-geldi","status":"publish","type":"post","link":"https:\/\/www.egemtv.com\/?p=28617","title":{"rendered":"Beya\u011fa\u00e7\u2019\u0131 ziyaret eden Milletvekili \u00dcn, Ba\u015fkan P\u00fct\u00fcn ve vatanda\u015flarla bir araya geldi"},"content":{"rendered":"<p>Denizli Milletvekili Sema Silkin \u00dcn, Beya\u011fa\u00e7 Belediye Ba\u015fkan\u0131 Sezayi P\u00fct\u00fcn\u2019\u00fc ziyaret etti. Milletvekili \u00dcn, ziyaret kapsam\u0131nda Beya\u011fa\u00e7\u2019ta yap\u0131m\u0131 devam eden \u00c7ar\u015f\u0131 Camisinde incelemelerde bulundu ve ard\u0131ndan t\u00fct\u00fcn \u00fcreticisi ve il\u00e7e halk\u0131yla bir araya gelerek vatanda\u015flar\u0131n sorunlar\u0131n\u0131 dinledi.<\/p>\n<p>Denizli Milletvekili Sema Silkin \u00dcn, Beya\u011fa\u00e7 Belediye Ba\u015fkan\u0131 Sezayi P\u00fct\u00fcn\u2019\u00fc makam\u0131nda ziyaret etti. Milletvekili \u00dcn, makam ziyaretinin ard\u0131ndan il\u00e7ede yap\u0131lan \u00e7al\u0131\u015fmalar hakk\u0131nda Ba\u015fkan P\u00fct\u00fcn\u2019den bilgi almak i\u00e7in sahaya indi. Beya\u011fa\u00e7\u2019ta yap\u0131m\u0131 devam eden \u00c7ar\u015f\u0131 Camisi in\u015faat\u0131nda yap\u0131lan incelemelerin ard\u0131ndan caminin hay\u0131rl\u0131 \u015fekilde tamamlanmas\u0131 temennisiyle bir ko\u00e7 in\u015faat \u00f6n\u00fcnde kesilerek kurban edildi. Cami Program\u0131 sonras\u0131 Beya\u011fa\u00e7 esnaflar\u0131n\u0131 d\u00fckkanlarda ziyaret eden ve vatanda\u015flarla bir araya gelen Milletvekili Sema Silkin \u00dcn ve Beya\u011fa\u00e7 Belediye Ba\u015fkan\u0131 Sezayi P\u00fct\u00fcn, ya\u015fan\u0131lan sorunlar\u0131 dinlediler. Tarlada t\u00fct\u00fcn dikimi yapan \u00e7ift\u00e7ileri de unutmayan Milletvekili \u00dcn ve Ba\u015fkan P\u00fct\u00fcn, tarlaya inerek t\u00fct\u00fcn \u00fcreticisiyle bir araya geldi. \u00d6ncelikli olarak tarlada \u00e7al\u0131\u015fan kad\u0131nlar\u0131n anneler g\u00fcn\u00fcn\u00fc kutlayan Milletvekili \u00dcn ve Ba\u015fkan P\u00fct\u00fcn, t\u00fct\u00fcn \u00fcreticilerine bu y\u0131l t\u00fct\u00fcn al\u0131m firmalar\u0131n\u0131n t\u00fct\u00fcn dikimi ve \u00e7e\u015fitli \u00fcretim masraflar\u0131 i\u00e7in avans vermemesi ve ya\u015fan\u0131lan s\u0131k\u0131nt\u0131lar hakk\u0131nda bilgiler edindiler.<\/p>\n<p>Beya\u011fa\u00e7 Belediye Ba\u015fkan\u0131 Sezayi P\u00fct\u00fcn, Milletvekili Sema Silkin \u00dcn\u2019\u00fcn ziyareti kapsam\u0131nda yapt\u0131\u011f\u0131 a\u00e7\u0131klamada, &#8220;Denizli Milletvekilimiz Sema Silkin \u00dcn\u2019\u00fc Beya\u011fa\u00e7\u2019\u0131m\u0131zda misafir ettik. Belediyemizde yap\u0131lan g\u00f6r\u00fc\u015fmede, il\u00e7emizdeki projeler ve \u00e7al\u0131\u015fmalar hakk\u0131nda isti\u015farelerde bulunduk ve g\u00fcn\u00fcn devam\u0131nda, bereketli topraklar\u0131m\u0131zda t\u00fct\u00fcn dikimi yapan \u00fcreticilerimizi tarlalar\u0131nda ziyaret ederek, hay\u0131rl\u0131 ve bol kazan\u00e7l\u0131 bir sezon ge\u00e7irmelerini diledik. Nazik ziyaretleri i\u00e7in Vekilimize te\u015fekk\u00fcr ediyor, il\u00e7emiz ad\u0131na g\u00f6sterdi\u011fi ilgi ve desteklerin devam\u0131n\u0131 diliyoruz&#8221; ifadelerini kulland\u0131.<br \/><\/p>\n","protected":false},"excerpt":{"rendered":"<p>Denizli Milletvekili Sema Silkin \u00dcn, Beya\u011fa\u00e7 Belediye Ba\u015fkan\u0131 Sezayi P\u00fct\u00fcn\u2019\u00fc ziyaret etti. Milletvekili \u00dcn, ziyaret kapsam\u0131nda Beya\u011fa\u00e7\u2019ta yap\u0131m\u0131 devam eden \u00c7ar\u015f\u0131 Camisinde incelemelerde bulundu ve ard\u0131ndan t\u00fct\u00fcn \u00fcreticisi ve il\u00e7e halk\u0131yla bir araya gelerek vatanda\u015flar\u0131n sorunlar\u0131n\u0131 dinledi. Denizli Milletvekili Sema Silkin \u00dcn, Beya\u011fa\u00e7 Belediye Ba\u015fkan\u0131 Sezayi P\u00fct\u00fcn\u2019\u00fc makam\u0131nda ziyaret etti. Milletvekili \u00dcn, makam ziyaretinin ard\u0131ndan&#8230;<\/p>\n","protected":false},"author":1,"featured_media":28618,"comment_status":"open","ping_status":"open","sticky":false,"template":"","format":"standard","meta":{"_crdt_document":"","footnotes":""},"categories":[127],"tags":[],"class_list":["post-28617","post","type-post","status-publish","format-standard","has-post-thumbnail","hentry","category-siyaset"],"_links":{"self":[{"href":"https:\/\/www.egemtv.com\/index.php?rest_route=\/wp\/v2\/posts\/28617","targetHints":{"allow":["GET"]}}],"collection":[{"href":"https:\/\/www.egemtv.com\/index.php?rest_route=\/wp\/v2\/posts"}],"about":[{"href":"https:\/\/www.egemtv.com\/index.php?rest_route=\/wp\/v2\/types\/post"}],"author":[{"embeddable":true,"href":"https:\/\/www.egemtv.com\/index.php?rest_route=\/wp\/v2\/users\/1"}],"replies":[{"embeddable":true,"href":"https:\/\/www.egemtv.com\/index.php?rest_route=%2Fwp%2Fv2%2Fcomments&post=28617"}],"version-history":[{"count":1,"href":"https:\/\/www.egemtv.com\/index.php?rest_route=\/wp\/v2\/posts\/28617\/revisions"}],"predecessor-version":[{"id":28619,"href":"https:\/\/www.egemtv.com\/index.php?rest_route=\/wp\/v2\/posts\/28617\/revisions\/28619"}],"wp:featuredmedia":[{"embeddable":true,"href":"https:\/\/www.egemtv.com\/index.php?rest_route=\/wp\/v2\/media\/28618"}],"wp:attachment":[{"href":"https:\/\/www.egemtv.com\/index.php?rest_route=%2Fwp%2Fv2%2Fmedia&parent=28617"}],"wp:term":[{"taxonomy":"category","embeddable":true,"href":"https:\/\/www.egemtv.com\/index.php?rest_route=%2Fwp%2Fv2%2Fcategories&post=28617"},{"taxonomy":"post_tag","embeddable":true,"href":"https:\/\/www.egemtv.com\/index.php?rest_route=%2Fwp%2Fv2%2Ftags&post=28617"}],"curies":[{"name":"wp","href":"https:\/\/api.w.org\/{rel}","templated":true}]}}