{"id":28614,"date":"2025-05-14T11:36:35","date_gmt":"2025-05-14T08:36:35","guid":{"rendered":"https:\/\/www.egemtv.com\/?p=28614"},"modified":"2025-05-14T11:36:40","modified_gmt":"2025-05-14T08:36:40","slug":"usak-universitesi-mezunlari-bir-kez-daha-bulusuyor","status":"publish","type":"post","link":"https:\/\/www.egemtv.com\/?p=28614","title":{"rendered":"U\u015fak \u00dcniversitesi mezunlar\u0131 bir kez daha bulu\u015fuyor"},"content":{"rendered":"<p>U\u015fak \u00dcniversitesi, 16 May\u0131s 2025 Cuma g\u00fcn\u00fc ikinci kez d\u00fczenlenecek olan &#8220;Mezunlar G\u00fcn\u00fc Bulu\u015fmas\u0131&#8221; ile mezunlar\u0131n\u0131 kamp\u00fcs \u00e7at\u0131s\u0131 alt\u0131nda yeniden bir araya getirmeye haz\u0131rlan\u0131yor.<\/p>\n<p>2006 y\u0131l\u0131nda kurulan ve bug\u00fcne kadar 60 bini a\u015fk\u0131n mezun veren U\u015fak \u00dcniversitesi, e\u011fitim-\u00f6\u011fretim, bilimsel ara\u015ft\u0131rmalar, k\u00fclt\u00fcrel ve sportif faaliyetler alan\u0131nda elde etti\u011fi ba\u015far\u0131larla ad\u0131ndan s\u00f6z ettirmeye devam ederken; mezunlar\u0131yla olan ba\u011flar\u0131n\u0131 g\u00fc\u00e7lendirmeyi de s\u00fcrd\u00fcr\u00fcyor.<br \/>\n<br \/>\u0130lki ge\u00e7ti\u011fimiz y\u0131l yo\u011fun bir kat\u0131l\u0131mla ger\u00e7ekle\u015ftirilen Mezunlar G\u00fcn\u00fc etkinli\u011fi, bu y\u0131l da t\u00fcm fak\u00fclteler ve meslek y\u00fcksekokullar\u0131n\u0131n kat\u0131l\u0131m\u0131yla g\u00fcn boyu s\u00fcrecek \u00e7e\u015fitli etkinliklerle kutlanacak. Mezunlar, mezunlargunu.usak.edu.tr adresinden ba\u011fl\u0131 olduklar\u0131 fak\u00fclte veya b\u00f6l\u00fcm \u00f6zelindeki programlara ula\u015fabilecek.<\/p>\n<p>U\u015fak \u00dcniversitesi Rekt\u00f6r\u00fc Prof. Dr. Ekrem Sava\u015f, etkinlikle ilgili yapt\u0131\u011f\u0131 a\u00e7\u0131klamada; &#8220;2006 y\u0131l\u0131nda kurulan \u00fcniversitemizin bilimsel, k\u00fclt\u00fcrel, sanatsal ve sportif alanlardaki geli\u015fimine hep birlikte tan\u0131kl\u0131k ettik. 60 bini a\u015fk\u0131n mezun vermenin gururunu ve heyecan\u0131n\u0131 ya\u015f\u0131yoruz. U\u015fak \u00dcniversitesi Mezunlar G\u00fcn\u00fcn\u00fc sadece ge\u00e7mi\u015fi hat\u0131rlamak i\u00e7in de\u011fil, gelece\u011fe dair yeni fikirlerin ve i\u015f birliklerinin do\u011faca\u011f\u0131 bir platform olarak da de\u011ferlendiriyoruz\u2019\u2019 ifadelerini kulland\u0131.<\/p>\n<p>U\u015fak \u00dcniversitesi mezunlar\u0131na seslenen Rekt\u00f6r Prof. Dr. Ekrem Sava\u015f; \u2018\u2018Sizlerin ulusal ve uluslararas\u0131 d\u00fczeyde elde etti\u011fi ba\u015far\u0131lar, \u00fcniversitemizi daha da ileriye ta\u015f\u0131yan en b\u00fcy\u00fck motivasyon kaynaklar\u0131m\u0131zdan biri olmaktad\u0131r. U\u015fak \u00dcniversitesi ailesi olarak sizlerle yeniden bir araya gelmek, heyecan\u0131n\u0131za ortak olmak ve sizlerden ilham almak istiyoruz. Sizleri 16 May\u0131s 2025 Cuma g\u00fcn\u00fc, t\u00fcm fak\u00fcltelerimiz ve meslek y\u00fcksekokullar\u0131m\u0131z\u0131n kat\u0131l\u0131m\u0131yla ger\u00e7ekle\u015fecek olan &#8220;Mezunlar G\u00fcn\u00fc Bulu\u015fmas\u0131&#8221; etkinlikleri i\u00e7in \u00fcniversitenize, mezun oldu\u011funuz b\u00f6l\u00fcmlere davet ediyoruz. Bu b\u00fcy\u00fck bulu\u015fmada sizleri aram\u0131zda g\u00f6rmekten b\u00fcy\u00fck mutluluk duyaca\u011f\u0131z\u2019\u2019 dedi.<br \/><\/p>\n","protected":false},"excerpt":{"rendered":"<p>U\u015fak \u00dcniversitesi, 16 May\u0131s 2025 Cuma g\u00fcn\u00fc ikinci kez d\u00fczenlenecek olan &#8220;Mezunlar G\u00fcn\u00fc Bulu\u015fmas\u0131&#8221; ile mezunlar\u0131n\u0131 kamp\u00fcs \u00e7at\u0131s\u0131 alt\u0131nda yeniden bir araya getirmeye haz\u0131rlan\u0131yor. 2006 y\u0131l\u0131nda kurulan ve bug\u00fcne kadar 60 bini a\u015fk\u0131n mezun veren U\u015fak \u00dcniversitesi, e\u011fitim-\u00f6\u011fretim, bilimsel ara\u015ft\u0131rmalar, k\u00fclt\u00fcrel ve sportif faaliyetler alan\u0131nda elde etti\u011fi ba\u015far\u0131larla ad\u0131ndan s\u00f6z ettirmeye devam ederken; mezunlar\u0131yla olan&#8230;<\/p>\n","protected":false},"author":1,"featured_media":28615,"comment_status":"open","ping_status":"open","sticky":false,"template":"","format":"standard","meta":{"_crdt_document":"","footnotes":""},"categories":[1],"tags":[],"class_list":["post-28614","post","type-post","status-publish","format-standard","has-post-thumbnail","hentry","category-guncel"],"_links":{"self":[{"href":"https:\/\/www.egemtv.com\/index.php?rest_route=\/wp\/v2\/posts\/28614","targetHints":{"allow":["GET"]}}],"collection":[{"href":"https:\/\/www.egemtv.com\/index.php?rest_route=\/wp\/v2\/posts"}],"about":[{"href":"https:\/\/www.egemtv.com\/index.php?rest_route=\/wp\/v2\/types\/post"}],"author":[{"embeddable":true,"href":"https:\/\/www.egemtv.com\/index.php?rest_route=\/wp\/v2\/users\/1"}],"replies":[{"embeddable":true,"href":"https:\/\/www.egemtv.com\/index.php?rest_route=%2Fwp%2Fv2%2Fcomments&post=28614"}],"version-history":[{"count":1,"href":"https:\/\/www.egemtv.com\/index.php?rest_route=\/wp\/v2\/posts\/28614\/revisions"}],"predecessor-version":[{"id":28616,"href":"https:\/\/www.egemtv.com\/index.php?rest_route=\/wp\/v2\/posts\/28614\/revisions\/28616"}],"wp:featuredmedia":[{"embeddable":true,"href":"https:\/\/www.egemtv.com\/index.php?rest_route=\/wp\/v2\/media\/28615"}],"wp:attachment":[{"href":"https:\/\/www.egemtv.com\/index.php?rest_route=%2Fwp%2Fv2%2Fmedia&parent=28614"}],"wp:term":[{"taxonomy":"category","embeddable":true,"href":"https:\/\/www.egemtv.com\/index.php?rest_route=%2Fwp%2Fv2%2Fcategories&post=28614"},{"taxonomy":"post_tag","embeddable":true,"href":"https:\/\/www.egemtv.com\/index.php?rest_route=%2Fwp%2Fv2%2Ftags&post=28614"}],"curies":[{"name":"wp","href":"https:\/\/api.w.org\/{rel}","templated":true}]}}