{"id":28611,"date":"2025-05-14T11:36:31","date_gmt":"2025-05-14T08:36:31","guid":{"rendered":"https:\/\/www.egemtv.com\/?p=28611"},"modified":"2025-05-14T11:36:34","modified_gmt":"2025-05-14T08:36:34","slug":"bodrumda-luks-yatla-kacmaya-calisirken-yakalandi","status":"publish","type":"post","link":"https:\/\/www.egemtv.com\/?p=28611","title":{"rendered":"Bodrum\u2019da l\u00fcks yatla ka\u00e7maya \u00e7al\u0131\u015f\u0131rken yakaland\u0131"},"content":{"rendered":"<p>Bodrum\u2019da yasa d\u0131\u015f\u0131 yollarla yurt d\u0131\u015f\u0131na ka\u00e7maya \u00e7al\u0131\u015fan cinayet zanl\u0131s\u0131, jandarma ve sahil g\u00fcvenlik ekiplerinin ortak operasyonuyla motoryatta yakaland\u0131. \u015e\u00fcphelinin, \u0130stanbul\u2019da iki \u00e7etenin kar\u0131\u015ft\u0131\u011f\u0131 olayda bir ki\u015fiyi \u00f6ld\u00fcrmekten arand\u0131\u011f\u0131 ve \u2019Casper \u00e7etesi\u2019 \u00fcyesi oldu\u011fu ortaya \u00e7\u0131kt\u0131.<br \/>\n<br \/>Bodrum \u0130l\u00e7e Jandarma Komutanl\u0131\u011f\u0131 \u0130stihbarat K\u0131s\u0131m Amirli\u011fi ile Sahil G\u00fcvenlik G\u00fcney Ege Grup Komutanl\u0131\u011f\u0131 \u0130stihbarat \u015eube M\u00fcd\u00fcrl\u00fc\u011f\u00fc ekipleri, \u0130stanbul\u2019da meydana gelen ve iki \u00e7ete grubunun kar\u0131\u015ft\u0131\u011f\u0131 olayda bir ki\u015finin \u00f6ld\u00fcr\u00fcld\u00fc\u011f\u00fc dosyada hakk\u0131nda arama karar\u0131 \u00e7\u0131kar\u0131lan Rasim Be\u015fkaya\u2019n\u0131n Bodrum\u2019da oldu\u011funu belirledi.<br \/>\n<br \/>Ekipler, \u015f\u00fcphelinin G\u00fcndo\u011fan Koyu a\u00e7\u0131klar\u0131nda l\u00fcks bir motoryatla yurt d\u0131\u015f\u0131na ka\u00e7ma haz\u0131rl\u0131\u011f\u0131nda oldu\u011funu tespit etti. Bodrum Cumhuriyet Ba\u015fsavc\u0131l\u0131\u011f\u0131 koordinesinde 10 May\u0131s\u2019ta d\u00fc\u011fmeye basan ekipler, Be\u015fkaya\u2019y\u0131 yasa d\u0131\u015f\u0131 yollarla ka\u00e7mak \u00fczereyken k\u0131sk\u0131vrak yakalad\u0131. Motoryatta yap\u0131lan aramalarda, gizli b\u00f6lmeye saklanm\u0131\u015f su\u00e7 aleti bir tabanca ile 5 bin avro nakit para ele ge\u00e7irildi. G\u00f6zalt\u0131na al\u0131nan Rasim Be\u015fkaya\u2019n\u0131n yap\u0131lan sorgulamas\u0131nda, kamuoyunda \u2019Casper \u00e7etesi\u2019 olarak bilinen yap\u0131lanman\u0131n \u00fcyesi oldu\u011fu belirlendi.<br \/>\n<br \/>\u0130\u015flemlerinin ard\u0131ndan \u0130stanbul\u2019a sevk edilen \u015f\u00fcphelinin \u00e7\u0131kar\u0131ld\u0131\u011f\u0131 mahkemece tutukland\u0131\u011f\u0131 \u00f6\u011frenildi.<br \/><\/p>\n","protected":false},"excerpt":{"rendered":"<p>Bodrum\u2019da yasa d\u0131\u015f\u0131 yollarla yurt d\u0131\u015f\u0131na ka\u00e7maya \u00e7al\u0131\u015fan cinayet zanl\u0131s\u0131, jandarma ve sahil g\u00fcvenlik ekiplerinin ortak operasyonuyla motoryatta yakaland\u0131. \u015e\u00fcphelinin, \u0130stanbul\u2019da iki \u00e7etenin kar\u0131\u015ft\u0131\u011f\u0131 olayda bir ki\u015fiyi \u00f6ld\u00fcrmekten arand\u0131\u011f\u0131 ve \u2019Casper \u00e7etesi\u2019 \u00fcyesi oldu\u011fu ortaya \u00e7\u0131kt\u0131. Bodrum \u0130l\u00e7e Jandarma Komutanl\u0131\u011f\u0131 \u0130stihbarat K\u0131s\u0131m Amirli\u011fi ile Sahil G\u00fcvenlik G\u00fcney Ege Grup Komutanl\u0131\u011f\u0131 \u0130stihbarat \u015eube M\u00fcd\u00fcrl\u00fc\u011f\u00fc ekipleri, \u0130stanbul\u2019da&#8230;<\/p>\n","protected":false},"author":1,"featured_media":28612,"comment_status":"open","ping_status":"open","sticky":false,"template":"","format":"standard","meta":{"_crdt_document":"","footnotes":""},"categories":[5],"tags":[],"class_list":["post-28611","post","type-post","status-publish","format-standard","has-post-thumbnail","hentry","category-asayis"],"_links":{"self":[{"href":"https:\/\/www.egemtv.com\/index.php?rest_route=\/wp\/v2\/posts\/28611","targetHints":{"allow":["GET"]}}],"collection":[{"href":"https:\/\/www.egemtv.com\/index.php?rest_route=\/wp\/v2\/posts"}],"about":[{"href":"https:\/\/www.egemtv.com\/index.php?rest_route=\/wp\/v2\/types\/post"}],"author":[{"embeddable":true,"href":"https:\/\/www.egemtv.com\/index.php?rest_route=\/wp\/v2\/users\/1"}],"replies":[{"embeddable":true,"href":"https:\/\/www.egemtv.com\/index.php?rest_route=%2Fwp%2Fv2%2Fcomments&post=28611"}],"version-history":[{"count":1,"href":"https:\/\/www.egemtv.com\/index.php?rest_route=\/wp\/v2\/posts\/28611\/revisions"}],"predecessor-version":[{"id":28613,"href":"https:\/\/www.egemtv.com\/index.php?rest_route=\/wp\/v2\/posts\/28611\/revisions\/28613"}],"wp:featuredmedia":[{"embeddable":true,"href":"https:\/\/www.egemtv.com\/index.php?rest_route=\/wp\/v2\/media\/28612"}],"wp:attachment":[{"href":"https:\/\/www.egemtv.com\/index.php?rest_route=%2Fwp%2Fv2%2Fmedia&parent=28611"}],"wp:term":[{"taxonomy":"category","embeddable":true,"href":"https:\/\/www.egemtv.com\/index.php?rest_route=%2Fwp%2Fv2%2Fcategories&post=28611"},{"taxonomy":"post_tag","embeddable":true,"href":"https:\/\/www.egemtv.com\/index.php?rest_route=%2Fwp%2Fv2%2Ftags&post=28611"}],"curies":[{"name":"wp","href":"https:\/\/api.w.org\/{rel}","templated":true}]}}