{"id":28596,"date":"2025-05-14T10:17:33","date_gmt":"2025-05-14T07:17:33","guid":{"rendered":"https:\/\/www.egemtv.com\/?p=28596"},"modified":"2025-05-14T10:17:39","modified_gmt":"2025-05-14T07:17:39","slug":"baskan-erkan-ozkan-amacimiz-gunu-kurtarmak-degil-gelecegi-dogru-insa-etmek","status":"publish","type":"post","link":"https:\/\/www.egemtv.com\/?p=28596","title":{"rendered":"Ba\u015fkan Erkan \u00d6zkan, &#8220;Amac\u0131m\u0131z g\u00fcn\u00fc kurtarmak de\u011fil, gelece\u011fi do\u011fru in\u015fa etmek&#8221;"},"content":{"rendered":"<p>\u0130zmir \u015eof\u00f6rler ve Otomobilciler Odas\u0131, 2025-2030 d\u00f6nemine y\u00f6nelik haz\u0131rlad\u0131\u011f\u0131 &#8220;\u0130zmir Taksi Ula\u015f\u0131m Et\u00fcd\u00fc&#8221; raporunu kamuoyuyla payla\u015ft\u0131. Raporun tamamen bilimsel y\u00f6ntemlerle \u00e7al\u0131\u015fan akademisyenler taraf\u0131ndan haz\u0131rland\u0131\u011f\u0131n\u0131 belirten Ba\u015fkan Erkan \u00d6zkan, &#8220;\u0130zmir\u2019de 2 bin 915 taksi var. 2030 y\u0131l\u0131na kadar taksi ihtiyac\u0131 toplamda 3 bin 150 olacak. Bu da, 5 y\u0131la yayd\u0131\u011f\u0131m\u0131zda \u015fu an i\u00e7in ek taksi ihtiyac\u0131n\u0131n olmad\u0131\u011f\u0131n\u0131 ortaya koyuyor.&#8221; dedi.<br \/>\n<br \/>\u0130zmir \u015eof\u00f6rler ve Otomobilciler Odas\u0131, 2025-2030 d\u00f6nemine y\u00f6nelik haz\u0131rlanan &#8220;\u0130zmir Taksi Et\u00fcd\u00fc&#8221; raporunu kamuoyuna sundu. Tamamen bilimsel y\u00f6ntemlerle \u00e7al\u0131\u015fan akademisyenler taraf\u0131ndan haz\u0131rlanan rapor, yakla\u015f\u0131k 45 g\u00fcn s\u00fcren bir \u00e7al\u0131\u015fma sonucunda tamamland\u0131. Raporda, korsan ta\u015f\u0131mac\u0131l\u0131\u011f\u0131n mevcut durumu, n\u00fcfus hareketlili\u011fi, kentsel geli\u015fim ve ula\u015f\u0131m altyap\u0131s\u0131ndaki de\u011fi\u015fimler dikkate al\u0131narak, \u0130zmir\u2019in \u00f6n\u00fcm\u00fczdeki be\u015f y\u0131ll\u0131k d\u00f6nemdeki taksi ihtiyac\u0131 belirlendi. Haz\u0131rlanan raporun ilgili kurumlara sunulmak \u00fczere \u00f6nemli bir veri kayna\u011f\u0131 oldu\u011funu belirten \u0130zmir \u015eof\u00f6rler ve Otomobilciler Odas\u0131 Ba\u015fkan\u0131 Erkan \u00d6zkan, &#8220;Yapt\u0131rd\u0131\u011f\u0131m\u0131z \u00e7al\u0131\u015fman\u0131n sonucunu bu \u015fekilde kitap\u00e7\u0131k haline getirdik. Biz, \u0130zmir \u015eof\u00f6rler Odas\u0131 olarak bilimsel \u00e7al\u0131\u015fmalara \u00f6nem veren bir kurumuz. B\u00fcy\u00fck\u015fehirler; n\u00fcfusu s\u00fcrekli artan, yeni ana arterleri a\u00e7\u0131lan, g\u00f6\u00e7 alan, sanayile\u015fmenin ve turizmin yo\u011fun oldu\u011fu b\u00f6lgelerdir. Bu nedenle her 5 y\u0131lda bir \u015fehrin yap\u0131s\u0131 de\u011fi\u015fiyor ve ula\u015f\u0131m planlar\u0131 yenileniyor. Biz de \u00e7a\u011fa ayak uydurabilmek i\u00e7in ilgili kurumlara gidip hakk\u0131m\u0131z\u0131, hukukumuzu ve esnaf\u0131m\u0131z\u0131n taleplerini savunabilmemiz ad\u0131na elimizde bir veri taban\u0131 olmas\u0131 gerekti\u011fini d\u00fc\u015f\u00fcn\u00fcyoruz&#8221; ifadelerini kulland\u0131.<\/p>\n<p>\u0130zmir\u2019de 2 bin 915 taksi var<br \/>\n<br \/>Yapt\u0131klar\u0131 son \u00e7al\u0131\u015fmaya g\u00f6re \u0130zmir\u2019de ek bir taksi ihtiyac\u0131 s\u00f6z konusu olmad\u0131\u011f\u0131n\u0131 vurgulayan Ba\u015fkan \u00d6zkan, &#8220;Bu \u00e7al\u0131\u015fman\u0131n sonucuna bakt\u0131\u011f\u0131m\u0131zda \u0130zmir\u2019de halihaz\u0131rda 2 bin 915 adet T plakal\u0131 taksi bulunmakta. 2030 y\u0131l\u0131na kadar \u00f6ng\u00f6r\u00fclen ihtiya\u00e7 ise yakla\u015f\u0131k 3 bin 150 civar\u0131nda. Bu da 5 y\u0131la yayd\u0131\u011f\u0131n\u0131zda, \u015fu an i\u00e7in ek taksi ihtiyac\u0131n\u0131n olmad\u0131\u011f\u0131n\u0131 ortaya koymaktad\u0131r. Taksi ihtiyac\u0131n\u0131n, korsan ta\u015f\u0131mac\u0131l\u0131\u011f\u0131n sona erdirilmesi ve yeni alternatif yollar\u0131n devreye girmesiyle daha net belirlenebilece\u011fini d\u00fc\u015f\u00fcn\u00fcyoruz. Amac\u0131m\u0131z g\u00fcn\u00fc kurtarmak de\u011fil gelece\u011fi do\u011fru in\u015fa etmek. Yaln\u0131zca belirli saatlerde, yani sabah 07.00 ile 09.00 ve ak\u015fam 17.00 ile 19.00 aras\u0131nda trafik yo\u011funlu\u011fundan kaynakl\u0131 olarak taksi ihtiyac\u0131na tam olarak cevap verilemiyor. \u00c7\u00fcnk\u00fc i\u015fe giden bir arac\u0131n geri d\u00f6n\u00fc\u015f\u00fc, trafik s\u0131k\u0131\u015f\u0131kl\u0131\u011f\u0131 nedeniyle zaman kayb\u0131na sebep oluyor. Bu durumu da yetkililere ilettik ve iletmeye devam ediyoruz. Bu noktada \u0130zmir B\u00fcy\u00fck\u015fehir Belediye Ba\u015fkan\u0131m\u0131z Say\u0131n Cemil Tugay, g\u00f6reve geli\u015finin ard\u0131ndan \u015fehir trafi\u011fini rahatlatmak amac\u0131yla \u00f6nemli ad\u0131mlar att\u0131. Zafer Pay\u0131z Kav\u015fa\u011f\u0131 ve Karaba\u011flar\u2019daki Dostluk Bulvar\u0131 projeleri tamamland\u0131. \u0130n\u015fallah bu \u00e7al\u0131\u015fmalar, \u015fehir trafi\u011finde ciddi bir rahatlama sa\u011flayacak&#8221; diye ekledi.<\/p>\n<p>Korsan taksicilerin cezalar\u0131 artmal\u0131<br \/>\n<br \/>Korsan ta\u015f\u0131mac\u0131l\u0131k konusu yaln\u0131zca \u0130zmir\u2019in sorunu olmad\u0131\u011f\u0131n\u0131 vurgulayan Ba\u015fkan \u00d6zkan, \u015f\u00f6yle konu\u015ftu: &#8220;\u0130stanbul, Ankara, Antalya, Bursa gibi b\u00fcy\u00fck \u015fehirlerin ortak sorunudur. \u0130stanbul \u015eof\u00f6rler Odas\u0131\u2019n\u0131n bu konuda a\u00e7t\u0131\u011f\u0131 davaya \u0130zmir \u015eof\u00f6rler Odas\u0131 olarak biz de m\u00fcdahil olduk. \u00d6n\u00fcm\u00fczdeki hafta 23 May\u0131s Per\u015fembe g\u00fcn\u00fc saat 14.30\u2019da \u0130stanbul \u00c7a\u011flayan Adliyesi\u2019nde korsan ta\u015f\u0131mac\u0131l\u0131kla ilgili davan\u0131n duru\u015fmas\u0131 olacak. Ayr\u0131ca \u0130zmir \u0130l Emniyet M\u00fcd\u00fcrl\u00fc\u011f\u00fc, Say\u0131n Valimizin talimatlar\u0131 ve Trafik M\u00fcd\u00fcrl\u00fc\u011f\u00fc ile Trafikten Sorumlu Emniyet M\u00fcd\u00fcr Yard\u0131mc\u0131m\u0131z\u0131n koordinasyonuyla denetim say\u0131lar\u0131 art\u0131r\u0131ld\u0131. Ancak bu konunun tamamen ortadan kald\u0131r\u0131lmas\u0131 i\u00e7in yaln\u0131zca denetim yetmez; yasal d\u00fczenleme gereklidir. Bu nedenle, korsan ta\u015f\u0131mac\u0131l\u0131kla m\u00fccadele kapsam\u0131nda \u015fu teklifte bulunduk. Nas\u0131l ki alkol etkisinde ara\u00e7 kullanan s\u00fcr\u00fcc\u00fcn\u00fcn ehliyetine ilk seferde 6 ay, ikinci seferde 1 y\u0131l el konuluyorsa, korsan ta\u015f\u0131mac\u0131l\u0131k yapan s\u00fcr\u00fcc\u00fclere de ayn\u0131 uygulama yap\u0131lmal\u0131. T\u00fcrkiye \u015eof\u00f6rler ve Otomobilciler Federasyonu Ba\u015fkan\u0131m\u0131z Say\u0131n Mehmet Yener, bu konuyu \u0130\u00e7i\u015fleri Bakanl\u0131\u011f\u0131 ve Ula\u015ft\u0131rma Bakanl\u0131\u011f\u0131\u2019na iletti. \u00d6te yandan \u0130l\u00e7e taksileriyle ilgili olarak da \u015funlar\u0131 belirtmek isteriz. \u0130zmir B\u00fcy\u00fck\u015fehir Belediyesi Taksi Y\u00f6netmeli\u011fi ve UKOME kararlar\u0131na g\u00f6re, \u00f6rne\u011fin Dikili veya Bay\u0131nd\u0131r\u2019dan gelen bir ticari taksi, \u015fehir merkezine yolcu getirdikten sonra, ayn\u0131 il\u00e7eye bo\u015f d\u00f6nmek zorunda. Aksi durumda, trafik ekipleri taraf\u0131ndan tespit edildi\u011finde cezai yapt\u0131r\u0131mla kar\u015f\u0131 kar\u015f\u0131ya kalmakta.&#8221;<br \/><\/p>\n","protected":false},"excerpt":{"rendered":"<p>\u0130zmir \u015eof\u00f6rler ve Otomobilciler Odas\u0131, 2025-2030 d\u00f6nemine y\u00f6nelik haz\u0131rlad\u0131\u011f\u0131 &#8220;\u0130zmir Taksi Ula\u015f\u0131m Et\u00fcd\u00fc&#8221; raporunu kamuoyuyla payla\u015ft\u0131. Raporun tamamen bilimsel y\u00f6ntemlerle \u00e7al\u0131\u015fan akademisyenler taraf\u0131ndan haz\u0131rland\u0131\u011f\u0131n\u0131 belirten Ba\u015fkan Erkan \u00d6zkan, &#8220;\u0130zmir\u2019de 2 bin 915 taksi var. 2030 y\u0131l\u0131na kadar taksi ihtiyac\u0131 toplamda 3 bin 150 olacak. Bu da, 5 y\u0131la yayd\u0131\u011f\u0131m\u0131zda \u015fu an i\u00e7in ek taksi ihtiyac\u0131n\u0131n&#8230;<\/p>\n","protected":false},"author":1,"featured_media":28597,"comment_status":"open","ping_status":"open","sticky":false,"template":"","format":"standard","meta":{"_crdt_document":"","footnotes":""},"categories":[1],"tags":[],"class_list":["post-28596","post","type-post","status-publish","format-standard","has-post-thumbnail","hentry","category-guncel"],"_links":{"self":[{"href":"https:\/\/www.egemtv.com\/index.php?rest_route=\/wp\/v2\/posts\/28596","targetHints":{"allow":["GET"]}}],"collection":[{"href":"https:\/\/www.egemtv.com\/index.php?rest_route=\/wp\/v2\/posts"}],"about":[{"href":"https:\/\/www.egemtv.com\/index.php?rest_route=\/wp\/v2\/types\/post"}],"author":[{"embeddable":true,"href":"https:\/\/www.egemtv.com\/index.php?rest_route=\/wp\/v2\/users\/1"}],"replies":[{"embeddable":true,"href":"https:\/\/www.egemtv.com\/index.php?rest_route=%2Fwp%2Fv2%2Fcomments&post=28596"}],"version-history":[{"count":1,"href":"https:\/\/www.egemtv.com\/index.php?rest_route=\/wp\/v2\/posts\/28596\/revisions"}],"predecessor-version":[{"id":28598,"href":"https:\/\/www.egemtv.com\/index.php?rest_route=\/wp\/v2\/posts\/28596\/revisions\/28598"}],"wp:featuredmedia":[{"embeddable":true,"href":"https:\/\/www.egemtv.com\/index.php?rest_route=\/wp\/v2\/media\/28597"}],"wp:attachment":[{"href":"https:\/\/www.egemtv.com\/index.php?rest_route=%2Fwp%2Fv2%2Fmedia&parent=28596"}],"wp:term":[{"taxonomy":"category","embeddable":true,"href":"https:\/\/www.egemtv.com\/index.php?rest_route=%2Fwp%2Fv2%2Fcategories&post=28596"},{"taxonomy":"post_tag","embeddable":true,"href":"https:\/\/www.egemtv.com\/index.php?rest_route=%2Fwp%2Fv2%2Ftags&post=28596"}],"curies":[{"name":"wp","href":"https:\/\/api.w.org\/{rel}","templated":true}]}}