{"id":28593,"date":"2025-05-14T10:17:26","date_gmt":"2025-05-14T07:17:26","guid":{"rendered":"https:\/\/www.egemtv.com\/?p=28593"},"modified":"2025-05-14T10:17:33","modified_gmt":"2025-05-14T07:17:33","slug":"karacasuda-sehit-veli-kabalay-kutuphanesi-acildi","status":"publish","type":"post","link":"https:\/\/www.egemtv.com\/?p=28593","title":{"rendered":"Karacasu\u2019da \u015eehit Veli Kabalay K\u00fct\u00fcphanesi a\u00e7\u0131ld\u0131"},"content":{"rendered":"<p>Ayd\u0131n\u2019\u0131n Karacasu il\u00e7esinde \u015eehit Veli Kabalay K\u00fct\u00fcphanesi, \u00f6\u011frenim g\u00f6rd\u00fc\u011f\u00fc okulda d\u00fczenlenen t\u00f6renle a\u00e7\u0131ld\u0131.<br \/>\n<br \/>A\u011fr\u0131 Do\u011fubeyaz\u0131t il\u00e7esinde g\u00f6revdeyken 13 May\u0131s 2021 tarihinde b\u00f6l\u00fcc\u00fc ter\u00f6r \u00f6rg\u00fct\u00fc mensuplar\u0131 ile girilen \u00e7at\u0131\u015fmada \u015fehit d\u00fc\u015fen \u00d6zel harekat Polisi Veli Kabalay\u2019\u0131n ad\u0131 \u00f6\u011frenim g\u00f6rd\u00fc\u011f\u00fc Karacasu Sevenler Ortaokulu\u2019nda a\u00e7\u0131lan k\u00fct\u00fcphanede ya\u015fat\u0131lacak. Karacasu Sevenler Ortaokulu\u2019nda, \u015eehit \u00d6zel Harek\u00e2t Polisi Veli Kabalay\u2019\u0131n aziz hat\u0131ras\u0131n\u0131 ya\u015fatmak amac\u0131yla olu\u015fturulan k\u00fct\u00fcphanenin a\u00e7\u0131l\u0131\u015f\u0131 ger\u00e7ekle\u015ftirildi. A\u00e7\u0131l\u0131\u015fa Belediye Ba\u015fkan Yard\u0131mc\u0131s\u0131 Murat B\u00fcy\u00fckg\u00fcm\u00fc\u015f, il\u00e7e protokol\u00fc, \u015fehidin ailesi ve arkada\u015flar\u0131 kat\u0131ld\u0131.<br \/><\/p>\n","protected":false},"excerpt":{"rendered":"<p>Ayd\u0131n\u2019\u0131n Karacasu il\u00e7esinde \u015eehit Veli Kabalay K\u00fct\u00fcphanesi, \u00f6\u011frenim g\u00f6rd\u00fc\u011f\u00fc okulda d\u00fczenlenen t\u00f6renle a\u00e7\u0131ld\u0131. A\u011fr\u0131 Do\u011fubeyaz\u0131t il\u00e7esinde g\u00f6revdeyken 13 May\u0131s 2021 tarihinde b\u00f6l\u00fcc\u00fc ter\u00f6r \u00f6rg\u00fct\u00fc mensuplar\u0131 ile girilen \u00e7at\u0131\u015fmada \u015fehit d\u00fc\u015fen \u00d6zel harekat Polisi Veli Kabalay\u2019\u0131n ad\u0131 \u00f6\u011frenim g\u00f6rd\u00fc\u011f\u00fc Karacasu Sevenler Ortaokulu\u2019nda a\u00e7\u0131lan k\u00fct\u00fcphanede ya\u015fat\u0131lacak. Karacasu Sevenler Ortaokulu\u2019nda, \u015eehit \u00d6zel Harek\u00e2t Polisi Veli Kabalay\u2019\u0131n aziz hat\u0131ras\u0131n\u0131&#8230;<\/p>\n","protected":false},"author":1,"featured_media":28594,"comment_status":"open","ping_status":"open","sticky":false,"template":"","format":"standard","meta":{"_crdt_document":"","footnotes":""},"categories":[1],"tags":[],"class_list":["post-28593","post","type-post","status-publish","format-standard","has-post-thumbnail","hentry","category-guncel"],"_links":{"self":[{"href":"https:\/\/www.egemtv.com\/index.php?rest_route=\/wp\/v2\/posts\/28593","targetHints":{"allow":["GET"]}}],"collection":[{"href":"https:\/\/www.egemtv.com\/index.php?rest_route=\/wp\/v2\/posts"}],"about":[{"href":"https:\/\/www.egemtv.com\/index.php?rest_route=\/wp\/v2\/types\/post"}],"author":[{"embeddable":true,"href":"https:\/\/www.egemtv.com\/index.php?rest_route=\/wp\/v2\/users\/1"}],"replies":[{"embeddable":true,"href":"https:\/\/www.egemtv.com\/index.php?rest_route=%2Fwp%2Fv2%2Fcomments&post=28593"}],"version-history":[{"count":1,"href":"https:\/\/www.egemtv.com\/index.php?rest_route=\/wp\/v2\/posts\/28593\/revisions"}],"predecessor-version":[{"id":28595,"href":"https:\/\/www.egemtv.com\/index.php?rest_route=\/wp\/v2\/posts\/28593\/revisions\/28595"}],"wp:featuredmedia":[{"embeddable":true,"href":"https:\/\/www.egemtv.com\/index.php?rest_route=\/wp\/v2\/media\/28594"}],"wp:attachment":[{"href":"https:\/\/www.egemtv.com\/index.php?rest_route=%2Fwp%2Fv2%2Fmedia&parent=28593"}],"wp:term":[{"taxonomy":"category","embeddable":true,"href":"https:\/\/www.egemtv.com\/index.php?rest_route=%2Fwp%2Fv2%2Fcategories&post=28593"},{"taxonomy":"post_tag","embeddable":true,"href":"https:\/\/www.egemtv.com\/index.php?rest_route=%2Fwp%2Fv2%2Ftags&post=28593"}],"curies":[{"name":"wp","href":"https:\/\/api.w.org\/{rel}","templated":true}]}}