{"id":28590,"date":"2025-05-14T09:57:00","date_gmt":"2025-05-14T06:57:00","guid":{"rendered":"https:\/\/www.egemtv.com\/?p=28590"},"modified":"2025-05-14T09:57:05","modified_gmt":"2025-05-14T06:57:05","slug":"efeler-belediyesi-ecdat-mezarlarini-is-makinesi-ile-yikti","status":"publish","type":"post","link":"https:\/\/www.egemtv.com\/?p=28590","title":{"rendered":"Efeler Belediyesi ecdat mezarlar\u0131n\u0131 i\u015f makinesi ile y\u0131kt\u0131"},"content":{"rendered":"<p>Kurtulu\u015f Sava\u015f\u0131 s\u0131ras\u0131nda b\u00fcy\u00fck kahramanl\u0131k g\u00f6steren illerin ba\u015f\u0131nda yer alan Ayd\u0131n\u2019\u0131n en eski k\u00f6ylerinden biri olan K\u0131z\u0131lcak\u00f6y\u2019de Efeler Belediyesi taraf\u0131ndan ecdad mezarlar\u0131 i\u015f makineleri ile yerle bir edildi. Bir cenaze dolay\u0131s\u0131yla k\u00f6y mezarl\u0131\u011f\u0131na gelen vatanda\u015flar \u015fa\u015fk\u0131nl\u0131\u011f\u0131n\u0131 gizleyemezken, Kurtulu\u015f Sava\u015f\u0131 Gazisi dedesinin de mezar\u0131n\u0131n y\u0131k\u0131l\u0131p yok edildi\u011fini g\u00f6ren Baki Uyan\u0131k g\u00f6zya\u015flar\u0131n\u0131 tutamad\u0131.<\/p>\n<p>Edinilen bilgiye g\u00f6re; bir cenaze defni dolay\u0131s\u0131yla mezarl\u0131\u011fa gelen K\u0131z\u0131lcak\u00f6yl\u00fcler, mezarl\u0131kta Efeler Belediyesi\u2019nin i\u015f makinesi ile ecdatlar\u0131n\u0131n mezarlar\u0131n\u0131 k\u00fcreyip yok etti\u011fini g\u00f6r\u00fcnce g\u00f6zlerine inanamad\u0131lar. Duruma tepki g\u00f6steren vatanda\u015flardan Baki Uyan\u0131k, &#8220;\u0130nsana ve \u00f6lm\u00fc\u015flere sayg\u0131 vard\u0131r. Yunanistan\u2019da Yunan yetkililer ecdat mezarlar\u0131m\u0131z\u0131 y\u0131k\u0131yor diye tepki g\u00f6sterirdik. Efeler Belediyesi\u2019nin bu yapt\u0131\u011f\u0131 ile Yunan\u2019dan ne fark\u0131 kald\u0131&#8221; diye tepki g\u00f6sterdi.<\/p>\n<p>Tarihi mezarlar\u0131 yerle bir edilen K\u0131z\u0131lcak\u00f6y Mezarl\u0131\u011f\u0131\u2019nda kameralara konu\u015fan k\u00f6y sakinlerinden Baki Uyan\u0131k, &#8220;\u00d6\u011flen bir cenaze dolay\u0131s\u0131yla mezarl\u0131\u011fa geldik. \u0130\u015f makinelerinin \u00e7al\u0131\u015ft\u0131\u011f\u0131n\u0131 g\u00f6r\u00fcnce \u015fa\u015ft\u0131k. Geldik \u00e7al\u0131\u015fanlarla g\u00f6r\u00fc\u015ft\u00fck. \u00c7al\u0131\u015fanlardan \u00f6\u011frendi\u011fimiz kadar\u0131yla buradan zenginlere mezar yeri sat\u0131lm\u0131\u015f. Sats\u0131nlar ama bizim ecdad\u0131m\u0131z\u0131n mezarlar\u0131n\u0131 y\u0131k\u0131p da m\u0131 zenginlere yer a\u00e7acaklar. Burada Kurtulu\u015f Sava\u015f\u0131 gazilerinin yan\u0131 s\u0131ra Kurtulu\u015f Sava\u015f\u0131\u2019nda m\u00fccadeleleri ile varl\u0131k g\u00f6stermi\u015f \u00c7oka Ahmet Efe, \u00dcsen Efeler ve Deli Hasan Efe\u2019nin de mezarlar\u0131 vard\u0131&#8221; diyerek mezarlar\u0131n y\u0131k\u0131lmas\u0131 talimat\u0131n\u0131 veren Efeler Belediye Ba\u015fkan\u0131 An\u0131l Yeti\u015fkin\u2019e sitem etti.<\/p>\n<p>Hakk\u0131n\u0131 arayaca\u011f\u0131n\u0131 ve \u00f6l\u00fcs\u00fcne sayg\u0131s\u0131 olmayan bir belediye y\u00f6netimi d\u00fc\u015f\u00fcnemedi\u011fini belirten Baki Uyan\u0131k, &#8220;Bizim k\u00f6yde i\u015fgal y\u0131llar\u0131nda Yunan Karakolu kurulmu\u015f. Burada \u00f6len bir Yunan askerine bile biz mezar vermi\u015fiz. Ve halen mezar\u0131 durur. Bizde \u00f6l\u00fcye de sayg\u0131 vard\u0131r. Yunanl\u0131lar Bat\u0131 Trakya\u2019da bizim T\u00fcrk ve M\u00fcsl\u00fcman mezarlar\u0131na zarar verdi\u011finde k\u0131zard\u0131k. \u015eimdi \u00f6z memleketimizde ecdat mezarlar\u0131m\u0131z Efeler Belediyesi taraf\u0131ndan i\u015f makineleri ile y\u0131k\u0131l\u0131p yok ediliyor. Bu nas\u0131l bir anlay\u0131\u015f&#8221; diye ya\u015fad\u0131klar\u0131na tepki g\u00f6sterdi.<br \/><\/p>\n","protected":false},"excerpt":{"rendered":"<p>Kurtulu\u015f Sava\u015f\u0131 s\u0131ras\u0131nda b\u00fcy\u00fck kahramanl\u0131k g\u00f6steren illerin ba\u015f\u0131nda yer alan Ayd\u0131n\u2019\u0131n en eski k\u00f6ylerinden biri olan K\u0131z\u0131lcak\u00f6y\u2019de Efeler Belediyesi taraf\u0131ndan ecdad mezarlar\u0131 i\u015f makineleri ile yerle bir edildi. Bir cenaze dolay\u0131s\u0131yla k\u00f6y mezarl\u0131\u011f\u0131na gelen vatanda\u015flar \u015fa\u015fk\u0131nl\u0131\u011f\u0131n\u0131 gizleyemezken, Kurtulu\u015f Sava\u015f\u0131 Gazisi dedesinin de mezar\u0131n\u0131n y\u0131k\u0131l\u0131p yok edildi\u011fini g\u00f6ren Baki Uyan\u0131k g\u00f6zya\u015flar\u0131n\u0131 tutamad\u0131. Edinilen bilgiye g\u00f6re; bir&#8230;<\/p>\n","protected":false},"author":1,"featured_media":28591,"comment_status":"open","ping_status":"open","sticky":false,"template":"","format":"standard","meta":{"_crdt_document":"","footnotes":""},"categories":[1],"tags":[],"class_list":["post-28590","post","type-post","status-publish","format-standard","has-post-thumbnail","hentry","category-guncel"],"_links":{"self":[{"href":"https:\/\/www.egemtv.com\/index.php?rest_route=\/wp\/v2\/posts\/28590","targetHints":{"allow":["GET"]}}],"collection":[{"href":"https:\/\/www.egemtv.com\/index.php?rest_route=\/wp\/v2\/posts"}],"about":[{"href":"https:\/\/www.egemtv.com\/index.php?rest_route=\/wp\/v2\/types\/post"}],"author":[{"embeddable":true,"href":"https:\/\/www.egemtv.com\/index.php?rest_route=\/wp\/v2\/users\/1"}],"replies":[{"embeddable":true,"href":"https:\/\/www.egemtv.com\/index.php?rest_route=%2Fwp%2Fv2%2Fcomments&post=28590"}],"version-history":[{"count":1,"href":"https:\/\/www.egemtv.com\/index.php?rest_route=\/wp\/v2\/posts\/28590\/revisions"}],"predecessor-version":[{"id":28592,"href":"https:\/\/www.egemtv.com\/index.php?rest_route=\/wp\/v2\/posts\/28590\/revisions\/28592"}],"wp:featuredmedia":[{"embeddable":true,"href":"https:\/\/www.egemtv.com\/index.php?rest_route=\/wp\/v2\/media\/28591"}],"wp:attachment":[{"href":"https:\/\/www.egemtv.com\/index.php?rest_route=%2Fwp%2Fv2%2Fmedia&parent=28590"}],"wp:term":[{"taxonomy":"category","embeddable":true,"href":"https:\/\/www.egemtv.com\/index.php?rest_route=%2Fwp%2Fv2%2Fcategories&post=28590"},{"taxonomy":"post_tag","embeddable":true,"href":"https:\/\/www.egemtv.com\/index.php?rest_route=%2Fwp%2Fv2%2Ftags&post=28590"}],"curies":[{"name":"wp","href":"https:\/\/api.w.org\/{rel}","templated":true}]}}