{"id":28587,"date":"2025-05-14T09:56:56","date_gmt":"2025-05-14T06:56:56","guid":{"rendered":"https:\/\/www.egemtv.com\/?p=28587"},"modified":"2025-05-14T09:57:00","modified_gmt":"2025-05-14T06:57:00","slug":"hisarcik-myoda-olcme-aletlerinin-kullanimi-ve-drone-ile-harita-uygulamasi-konulu-konferans","status":"publish","type":"post","link":"https:\/\/www.egemtv.com\/?p=28587","title":{"rendered":"Hisarc\u0131k MYO\u2019da &#8220;\u00d6l\u00e7me Aletlerinin Kullan\u0131m\u0131 ve Drone ile Harita Uygulamas\u0131&#8221; konulu konferans"},"content":{"rendered":"<p>K\u00fctahya Dumlup\u0131nar \u00dcniversitesi Hisarc\u0131k Meslek Y\u00fcksekokulunda Tapu ve Kadastro program\u0131 \u00f6\u011frencilerine, &#8220;\u00d6l\u00e7me Aletlerinin Kullan\u0131m\u0131 ve Drone ile Harita Uygulamas\u0131&#8221; konulu konferans verildi.<br \/>\n<br \/>Harita M\u00fch. Semih Aky\u0131ld\u0131z taraf\u0131ndan verilen konferansta, harita yap\u0131m\u0131nda kullan\u0131lan \u00f6l\u00e7me aletlerinin ge\u00e7mi\u015ften g\u00fcn\u00fcm\u00fcze do\u011fru geli\u015fiminden bahsedilerek, geli\u015fen teknolojinin mesle\u011fi nas\u0131l etkiledi\u011fi ve i\u015f imkanlar\u0131 hakk\u0131nda bilgiler verildi. Konferans\u0131n sonunda GPS \u00f6l\u00e7me aleti ile YKN noktalar\u0131 zemine tesis edilerek dron u\u00e7u\u015fu yap\u0131ld\u0131. U\u00e7u\u015f sonras\u0131nda fotogrametrik y\u00f6ntem ile Meslek Y\u00fcksekokulunun haritas\u0131 kabaca olu\u015fturuldu.<br \/><\/p>\n","protected":false},"excerpt":{"rendered":"<p>K\u00fctahya Dumlup\u0131nar \u00dcniversitesi Hisarc\u0131k Meslek Y\u00fcksekokulunda Tapu ve Kadastro program\u0131 \u00f6\u011frencilerine, &#8220;\u00d6l\u00e7me Aletlerinin Kullan\u0131m\u0131 ve Drone ile Harita Uygulamas\u0131&#8221; konulu konferans verildi. Harita M\u00fch. Semih Aky\u0131ld\u0131z taraf\u0131ndan verilen konferansta, harita yap\u0131m\u0131nda kullan\u0131lan \u00f6l\u00e7me aletlerinin ge\u00e7mi\u015ften g\u00fcn\u00fcm\u00fcze do\u011fru geli\u015fiminden bahsedilerek, geli\u015fen teknolojinin mesle\u011fi nas\u0131l etkiledi\u011fi ve i\u015f imkanlar\u0131 hakk\u0131nda bilgiler verildi. Konferans\u0131n sonunda GPS \u00f6l\u00e7me aleti&#8230;<\/p>\n","protected":false},"author":1,"featured_media":28588,"comment_status":"open","ping_status":"open","sticky":false,"template":"","format":"standard","meta":{"_crdt_document":"","footnotes":""},"categories":[1],"tags":[],"class_list":["post-28587","post","type-post","status-publish","format-standard","has-post-thumbnail","hentry","category-guncel"],"_links":{"self":[{"href":"https:\/\/www.egemtv.com\/index.php?rest_route=\/wp\/v2\/posts\/28587","targetHints":{"allow":["GET"]}}],"collection":[{"href":"https:\/\/www.egemtv.com\/index.php?rest_route=\/wp\/v2\/posts"}],"about":[{"href":"https:\/\/www.egemtv.com\/index.php?rest_route=\/wp\/v2\/types\/post"}],"author":[{"embeddable":true,"href":"https:\/\/www.egemtv.com\/index.php?rest_route=\/wp\/v2\/users\/1"}],"replies":[{"embeddable":true,"href":"https:\/\/www.egemtv.com\/index.php?rest_route=%2Fwp%2Fv2%2Fcomments&post=28587"}],"version-history":[{"count":1,"href":"https:\/\/www.egemtv.com\/index.php?rest_route=\/wp\/v2\/posts\/28587\/revisions"}],"predecessor-version":[{"id":28589,"href":"https:\/\/www.egemtv.com\/index.php?rest_route=\/wp\/v2\/posts\/28587\/revisions\/28589"}],"wp:featuredmedia":[{"embeddable":true,"href":"https:\/\/www.egemtv.com\/index.php?rest_route=\/wp\/v2\/media\/28588"}],"wp:attachment":[{"href":"https:\/\/www.egemtv.com\/index.php?rest_route=%2Fwp%2Fv2%2Fmedia&parent=28587"}],"wp:term":[{"taxonomy":"category","embeddable":true,"href":"https:\/\/www.egemtv.com\/index.php?rest_route=%2Fwp%2Fv2%2Fcategories&post=28587"},{"taxonomy":"post_tag","embeddable":true,"href":"https:\/\/www.egemtv.com\/index.php?rest_route=%2Fwp%2Fv2%2Ftags&post=28587"}],"curies":[{"name":"wp","href":"https:\/\/api.w.org\/{rel}","templated":true}]}}