{"id":28584,"date":"2025-05-14T09:56:51","date_gmt":"2025-05-14T06:56:51","guid":{"rendered":"https:\/\/www.egemtv.com\/?p=28584"},"modified":"2025-05-14T09:56:56","modified_gmt":"2025-05-14T06:56:56","slug":"simavda-ozel-egitim-farkindalik-senligi","status":"publish","type":"post","link":"https:\/\/www.egemtv.com\/?p=28584","title":{"rendered":"Simav\u2019da \u00f6zel e\u011fitim fark\u0131ndal\u0131k \u015fenli\u011fi"},"content":{"rendered":"<p>Simav Kaymakaml\u0131\u011f\u0131 taraf\u0131ndan d\u00fczenlenen \u00f6zel e\u011fitim fark\u0131ndal\u0131k \u015fenli\u011finde \u00f6\u011frencilerin performanslar\u0131 b\u00fcy\u00fck be\u011feni toplad\u0131.<br \/>\n<br \/>\u00d6zel e\u011fitim fark\u0131ndal\u0131k \u015fenli\u011finde ko\u015fu ve futbol m\u00fcsabakas\u0131 ger\u00e7ekle\u015ftirildi, \u00e7e\u015fitli g\u00f6steriler sunuldu. Yar\u0131\u015fmalarda dereceye giren \u00f6\u011frencilere Kaymakam B\u00fcnyamin Karalo\u011flu taraf\u0131ndan madalya verildi. \u015eenlikte Kaymakam Karalo\u011flu\u2019nun gitar\u0131yla m\u00fczik sunumu be\u011feniyle izlendi.<br \/>\n<br \/>Bu anlaml\u0131 g\u00fcnde, \u00f6zel ihtiya\u00e7l\u0131 bireylerin toplumun ayr\u0131lmaz bir par\u00e7as\u0131 oldu\u011funu bir kez daha hat\u0131rlad\u0131klar\u0131n\u0131 s\u00f6yleyen Kaymakam B\u00fcnyamin Karalo\u011flu, &#8220;Onlar\u0131n azmi, ne\u015fesi ve hayata ba\u011fl\u0131l\u0131\u011f\u0131 hepimize ilham verdi. G\u00f6sterilerde sergiledikleri performanslarla y\u00fcreklerimize dokunan t\u00fcm \u00f6\u011frencilerimizi ve eme\u011fi ge\u00e7en de\u011ferli \u00f6\u011fretmenlerimizi y\u00fcrekten tebrik ediyorum. Toplum olarak en b\u00fcy\u00fck g\u00fcc\u00fcm\u00fcz, farkl\u0131l\u0131klar\u0131m\u0131zla bir arada ya\u015fama k\u00fclt\u00fcr\u00fcm\u00fczd\u00fcr. Bu fark\u0131ndal\u0131k \u015fenli\u011fi, sadece bir etkinlik de\u011fil; empati, birlik ve sevgi dolu bir gelece\u011fe at\u0131lm\u0131\u015f g\u00fc\u00e7l\u00fc bir ad\u0131md\u0131r. T\u00fcm \u00f6zel bireylerimizin her zaman yan\u0131nda olmaya devam edece\u011fiz&#8221; dedi.<br \/><\/p>\n","protected":false},"excerpt":{"rendered":"<p>Simav Kaymakaml\u0131\u011f\u0131 taraf\u0131ndan d\u00fczenlenen \u00f6zel e\u011fitim fark\u0131ndal\u0131k \u015fenli\u011finde \u00f6\u011frencilerin performanslar\u0131 b\u00fcy\u00fck be\u011feni toplad\u0131. \u00d6zel e\u011fitim fark\u0131ndal\u0131k \u015fenli\u011finde ko\u015fu ve futbol m\u00fcsabakas\u0131 ger\u00e7ekle\u015ftirildi, \u00e7e\u015fitli g\u00f6steriler sunuldu. Yar\u0131\u015fmalarda dereceye giren \u00f6\u011frencilere Kaymakam B\u00fcnyamin Karalo\u011flu taraf\u0131ndan madalya verildi. \u015eenlikte Kaymakam Karalo\u011flu\u2019nun gitar\u0131yla m\u00fczik sunumu be\u011feniyle izlendi. Bu anlaml\u0131 g\u00fcnde, \u00f6zel ihtiya\u00e7l\u0131 bireylerin toplumun ayr\u0131lmaz bir par\u00e7as\u0131 oldu\u011funu bir&#8230;<\/p>\n","protected":false},"author":1,"featured_media":28585,"comment_status":"open","ping_status":"open","sticky":false,"template":"","format":"standard","meta":{"_crdt_document":"","footnotes":""},"categories":[123],"tags":[],"class_list":["post-28584","post","type-post","status-publish","format-standard","has-post-thumbnail","hentry","category-gundem"],"_links":{"self":[{"href":"https:\/\/www.egemtv.com\/index.php?rest_route=\/wp\/v2\/posts\/28584","targetHints":{"allow":["GET"]}}],"collection":[{"href":"https:\/\/www.egemtv.com\/index.php?rest_route=\/wp\/v2\/posts"}],"about":[{"href":"https:\/\/www.egemtv.com\/index.php?rest_route=\/wp\/v2\/types\/post"}],"author":[{"embeddable":true,"href":"https:\/\/www.egemtv.com\/index.php?rest_route=\/wp\/v2\/users\/1"}],"replies":[{"embeddable":true,"href":"https:\/\/www.egemtv.com\/index.php?rest_route=%2Fwp%2Fv2%2Fcomments&post=28584"}],"version-history":[{"count":1,"href":"https:\/\/www.egemtv.com\/index.php?rest_route=\/wp\/v2\/posts\/28584\/revisions"}],"predecessor-version":[{"id":28586,"href":"https:\/\/www.egemtv.com\/index.php?rest_route=\/wp\/v2\/posts\/28584\/revisions\/28586"}],"wp:featuredmedia":[{"embeddable":true,"href":"https:\/\/www.egemtv.com\/index.php?rest_route=\/wp\/v2\/media\/28585"}],"wp:attachment":[{"href":"https:\/\/www.egemtv.com\/index.php?rest_route=%2Fwp%2Fv2%2Fmedia&parent=28584"}],"wp:term":[{"taxonomy":"category","embeddable":true,"href":"https:\/\/www.egemtv.com\/index.php?rest_route=%2Fwp%2Fv2%2Fcategories&post=28584"},{"taxonomy":"post_tag","embeddable":true,"href":"https:\/\/www.egemtv.com\/index.php?rest_route=%2Fwp%2Fv2%2Ftags&post=28584"}],"curies":[{"name":"wp","href":"https:\/\/api.w.org\/{rel}","templated":true}]}}