{"id":28581,"date":"2025-05-14T09:56:46","date_gmt":"2025-05-14T06:56:46","guid":{"rendered":"https:\/\/www.egemtv.com\/?p=28581"},"modified":"2025-05-14T09:56:51","modified_gmt":"2025-05-14T06:56:51","slug":"kutahyada-cocugun-cinsel-istismari-sucundan-aranan-sahis-yakalandi","status":"publish","type":"post","link":"https:\/\/www.egemtv.com\/?p=28581","title":{"rendered":"K\u00fctahya\u2019da \u00e7ocu\u011fun cinsel istismar\u0131 su\u00e7undan aranan \u015fah\u0131s yakaland\u0131"},"content":{"rendered":"<p>K\u00fctahya\u2019da \u00e7ocu\u011fun cinsel istismar\u0131 su\u00e7undan 16 y\u0131l 10 ay 15 g\u00fcn hapis cezas\u0131 bulunan \u015fah\u0131s Tav\u015fanl\u0131 il\u00e7esi Karakaya k\u00f6y\u00fcnde jandarman\u0131n yapt\u0131\u011f\u0131 operasyon sonucu yakaland\u0131.<br \/>\n<br \/>K\u00fctahya \u0130l Jandarma Komutanl\u0131\u011f\u0131, Jandarma Su\u00e7 Ara\u015ft\u0131rma Timi (JASAT) ve Tav\u015fanl\u0131 \u0130l\u00e7e Jandarma Komutanl\u0131\u011f\u0131 taraf\u0131ndan aranan \u015fah\u0131slar\u0131n yakalanmas\u0131na y\u00f6nelik yap\u0131lan istihbari ve saha \u00e7al\u0131\u015fmalar\u0131 neticesinde, hakk\u0131nda, \u00e7ocu\u011fun cinsel istismar\u0131 su\u00e7undan 16 Y\u0131l 10 Ay 15 g\u00fcn kesinle\u015fmi\u015f hapis cezas\u0131 bulunan N.A. (37) isimli \u015fah\u0131s, yap\u0131lan titiz \u00e7al\u0131\u015fmalar ve takip neticesinde Tav\u015fanl\u0131 il\u00e7esi Karakaya k\u00f6y\u00fcnde yap\u0131lan operasyon sonucunda yakaland\u0131.<br \/>\n<br \/>G\u00f6zalt\u0131na al\u0131nan \u015f\u00fcpheli, i\u015flemlerinin ard\u0131ndan sevk edildi\u011fi adli makamlarca tutuklanarak Tav\u015fanl\u0131 T Tipi Kapal\u0131 Ceza \u0130nfaz Kurumuna teslim edildi.<br \/><\/p>\n","protected":false},"excerpt":{"rendered":"<p>K\u00fctahya\u2019da \u00e7ocu\u011fun cinsel istismar\u0131 su\u00e7undan 16 y\u0131l 10 ay 15 g\u00fcn hapis cezas\u0131 bulunan \u015fah\u0131s Tav\u015fanl\u0131 il\u00e7esi Karakaya k\u00f6y\u00fcnde jandarman\u0131n yapt\u0131\u011f\u0131 operasyon sonucu yakaland\u0131. K\u00fctahya \u0130l Jandarma Komutanl\u0131\u011f\u0131, Jandarma Su\u00e7 Ara\u015ft\u0131rma Timi (JASAT) ve Tav\u015fanl\u0131 \u0130l\u00e7e Jandarma Komutanl\u0131\u011f\u0131 taraf\u0131ndan aranan \u015fah\u0131slar\u0131n yakalanmas\u0131na y\u00f6nelik yap\u0131lan istihbari ve saha \u00e7al\u0131\u015fmalar\u0131 neticesinde, hakk\u0131nda, \u00e7ocu\u011fun cinsel istismar\u0131 su\u00e7undan 16&#8230;<\/p>\n","protected":false},"author":1,"featured_media":28582,"comment_status":"open","ping_status":"open","sticky":false,"template":"","format":"standard","meta":{"_crdt_document":"","footnotes":""},"categories":[5],"tags":[],"class_list":["post-28581","post","type-post","status-publish","format-standard","has-post-thumbnail","hentry","category-asayis"],"_links":{"self":[{"href":"https:\/\/www.egemtv.com\/index.php?rest_route=\/wp\/v2\/posts\/28581","targetHints":{"allow":["GET"]}}],"collection":[{"href":"https:\/\/www.egemtv.com\/index.php?rest_route=\/wp\/v2\/posts"}],"about":[{"href":"https:\/\/www.egemtv.com\/index.php?rest_route=\/wp\/v2\/types\/post"}],"author":[{"embeddable":true,"href":"https:\/\/www.egemtv.com\/index.php?rest_route=\/wp\/v2\/users\/1"}],"replies":[{"embeddable":true,"href":"https:\/\/www.egemtv.com\/index.php?rest_route=%2Fwp%2Fv2%2Fcomments&post=28581"}],"version-history":[{"count":1,"href":"https:\/\/www.egemtv.com\/index.php?rest_route=\/wp\/v2\/posts\/28581\/revisions"}],"predecessor-version":[{"id":28583,"href":"https:\/\/www.egemtv.com\/index.php?rest_route=\/wp\/v2\/posts\/28581\/revisions\/28583"}],"wp:featuredmedia":[{"embeddable":true,"href":"https:\/\/www.egemtv.com\/index.php?rest_route=\/wp\/v2\/media\/28582"}],"wp:attachment":[{"href":"https:\/\/www.egemtv.com\/index.php?rest_route=%2Fwp%2Fv2%2Fmedia&parent=28581"}],"wp:term":[{"taxonomy":"category","embeddable":true,"href":"https:\/\/www.egemtv.com\/index.php?rest_route=%2Fwp%2Fv2%2Fcategories&post=28581"},{"taxonomy":"post_tag","embeddable":true,"href":"https:\/\/www.egemtv.com\/index.php?rest_route=%2Fwp%2Fv2%2Ftags&post=28581"}],"curies":[{"name":"wp","href":"https:\/\/api.w.org\/{rel}","templated":true}]}}