{"id":28578,"date":"2025-05-14T09:56:42","date_gmt":"2025-05-14T06:56:42","guid":{"rendered":"https:\/\/www.egemtv.com\/?p=28578"},"modified":"2025-05-14T09:56:46","modified_gmt":"2025-05-14T06:56:46","slug":"kutahyada-akil-ve-zeka-oyunlari-il-turnuvasi-odul-toreni","status":"publish","type":"post","link":"https:\/\/www.egemtv.com\/?p=28578","title":{"rendered":"K\u00fctahya\u2019da ak\u0131l ve zeka oyunlar\u0131 il turnuvas\u0131 \u00f6d\u00fcl t\u00f6reni"},"content":{"rendered":"<p>K\u00fctahya \u0130l Milli E\u011fitim M\u00fcd\u00fcrl\u00fc\u011f\u00fc taraf\u0131ndan Ak\u0131l ve Zeka Oyunlar\u0131 Federasyonu i\u015f birli\u011fiyle d\u00fczenlenen ak\u0131l ve zeka oyunlar\u0131 K\u00fctahya il turnuvas\u0131n\u0131n \u00f6d\u00fcl t\u00f6reni ger\u00e7ekle\u015ftirildi.<br \/>\n<br \/>Beylerbeyi Salonu\u2019ndaki programa, \u0130l Milli E\u011fitim M\u00fcd\u00fcr\u00fc Mustafa Y\u0131lmaz, Temel E\u011fitim Hizmetleri \u015eube M\u00fcd\u00fcr\u00fc Mustafa Topuz, \u00f6\u011fretmenler, \u00f6\u011frenciler ve veliler kat\u0131ld\u0131.<br \/>\n<br \/>Turnuvada dereceye giren \u00f6\u011frenciler \u00f6d\u00fcllerini \u0130l Milli E\u011fitim M\u00fcd\u00fcr\u00fc Mustafa Y\u0131lmaz, \u015eube M\u00fcd\u00fcr\u00fc Mustafa Topuz, \u00f6\u011fretmenleri ve velilerinden ald\u0131.<br \/>\n<br \/>T\u00f6rende yapt\u0131\u011f\u0131 konu\u015fmada dijital ba\u011f\u0131ml\u0131l\u0131k ve sosyal medyan\u0131n \u00e7ocuklar \u00fczerindeki etkilerine dikkat \u00e7ekerek, \u00f6\u011frencilerin ak\u0131l ve zeka oyunlar\u0131yla desteklenmesinin \u00f6nemine vurgu yapan \u0130l Milli E\u011fitim M\u00fcd\u00fcr\u00fc Mustafa Y\u0131lmaz, &#8220;\u00c7ocuklar\u0131m\u0131z\u0131n kar\u015f\u0131la\u015ft\u0131\u011f\u0131 sosyal medya i\u00e7eriklerinden uzak durmalar\u0131, onlar\u0131 koruyacak en b\u00fcy\u00fck miras\u0131m\u0131zd\u0131r. Bu t\u00fcr turnuvalar sadece birer yar\u0131\u015fma de\u011fil, ayn\u0131 zamanda ahlaki ve bili\u015fsel geli\u015fime katk\u0131 sunan de\u011ferli etkinliklerdir&#8221; dedi.<br \/>\n<br \/>\u0130l Milli E\u011fitim M\u00fcd\u00fcrl\u00fc\u011f\u00fc olarak \u00e7ocuklar\u0131n zihinsel geli\u015fimini destekleyecek her t\u00fcrl\u00fc \u00f6neriye a\u00e7\u0131k olduklar\u0131n\u0131 belirten M\u00fcd\u00fcr Y\u0131lmaz, &#8220;100 bin \u00f6\u011frencinin vebalini ta\u015f\u0131yoruz. Onlar\u0131n gelece\u011fi i\u00e7in elimizden geleni yapmaya devam edece\u011fiz&#8221; diye konu\u015ftu.<br \/><\/p>\n","protected":false},"excerpt":{"rendered":"<p>K\u00fctahya \u0130l Milli E\u011fitim M\u00fcd\u00fcrl\u00fc\u011f\u00fc taraf\u0131ndan Ak\u0131l ve Zeka Oyunlar\u0131 Federasyonu i\u015f birli\u011fiyle d\u00fczenlenen ak\u0131l ve zeka oyunlar\u0131 K\u00fctahya il turnuvas\u0131n\u0131n \u00f6d\u00fcl t\u00f6reni ger\u00e7ekle\u015ftirildi. Beylerbeyi Salonu\u2019ndaki programa, \u0130l Milli E\u011fitim M\u00fcd\u00fcr\u00fc Mustafa Y\u0131lmaz, Temel E\u011fitim Hizmetleri \u015eube M\u00fcd\u00fcr\u00fc Mustafa Topuz, \u00f6\u011fretmenler, \u00f6\u011frenciler ve veliler kat\u0131ld\u0131. Turnuvada dereceye giren \u00f6\u011frenciler \u00f6d\u00fcllerini \u0130l Milli E\u011fitim M\u00fcd\u00fcr\u00fc Mustafa&#8230;<\/p>\n","protected":false},"author":1,"featured_media":28579,"comment_status":"open","ping_status":"open","sticky":false,"template":"","format":"standard","meta":{"_crdt_document":"","footnotes":""},"categories":[1],"tags":[],"class_list":["post-28578","post","type-post","status-publish","format-standard","has-post-thumbnail","hentry","category-guncel"],"_links":{"self":[{"href":"https:\/\/www.egemtv.com\/index.php?rest_route=\/wp\/v2\/posts\/28578","targetHints":{"allow":["GET"]}}],"collection":[{"href":"https:\/\/www.egemtv.com\/index.php?rest_route=\/wp\/v2\/posts"}],"about":[{"href":"https:\/\/www.egemtv.com\/index.php?rest_route=\/wp\/v2\/types\/post"}],"author":[{"embeddable":true,"href":"https:\/\/www.egemtv.com\/index.php?rest_route=\/wp\/v2\/users\/1"}],"replies":[{"embeddable":true,"href":"https:\/\/www.egemtv.com\/index.php?rest_route=%2Fwp%2Fv2%2Fcomments&post=28578"}],"version-history":[{"count":1,"href":"https:\/\/www.egemtv.com\/index.php?rest_route=\/wp\/v2\/posts\/28578\/revisions"}],"predecessor-version":[{"id":28580,"href":"https:\/\/www.egemtv.com\/index.php?rest_route=\/wp\/v2\/posts\/28578\/revisions\/28580"}],"wp:featuredmedia":[{"embeddable":true,"href":"https:\/\/www.egemtv.com\/index.php?rest_route=\/wp\/v2\/media\/28579"}],"wp:attachment":[{"href":"https:\/\/www.egemtv.com\/index.php?rest_route=%2Fwp%2Fv2%2Fmedia&parent=28578"}],"wp:term":[{"taxonomy":"category","embeddable":true,"href":"https:\/\/www.egemtv.com\/index.php?rest_route=%2Fwp%2Fv2%2Fcategories&post=28578"},{"taxonomy":"post_tag","embeddable":true,"href":"https:\/\/www.egemtv.com\/index.php?rest_route=%2Fwp%2Fv2%2Ftags&post=28578"}],"curies":[{"name":"wp","href":"https:\/\/api.w.org\/{rel}","templated":true}]}}