{"id":28575,"date":"2025-05-14T09:56:39","date_gmt":"2025-05-14T06:56:39","guid":{"rendered":"https:\/\/www.egemtv.com\/?p=28575"},"modified":"2025-05-14T09:56:42","modified_gmt":"2025-05-14T06:56:42","slug":"kusadasinda-yaban-domuzu-sorunu-gorusuldu","status":"publish","type":"post","link":"https:\/\/www.egemtv.com\/?p=28575","title":{"rendered":"Ku\u015fadas\u0131\u2019nda yaban domuzu sorunu g\u00f6r\u00fc\u015f\u00fcld\u00fc"},"content":{"rendered":"<p>Ku\u015fadas\u0131\u2019nda son d\u00f6nemde artan yaban domuzu pop\u00fclasyonu nedeniyle ya\u015fanan sorunlar \u00fczerine, Kaymakam \u0130brahim Keklik ba\u015fkanl\u0131\u011f\u0131nda geni\u015f kat\u0131l\u0131ml\u0131 bir toplant\u0131 ger\u00e7ekle\u015ftirildi.<\/p>\n<p>Toplant\u0131ya ba\u015fta Kaymakam \u0130brahim Keklik, Ku\u015fadas\u0131 Belediye Ba\u015fkan\u0131 \u00d6mer G\u00fcnel olmak \u00fczere il\u00e7e protokol\u00fc kat\u0131ld\u0131. Toplant\u0131da, \u015fehir merkezine kadar inen ve tar\u0131m alanlar\u0131na zarar veren yaban domuzlar\u0131n\u0131n olu\u015fturdu\u011fu riskler de\u011ferlendirildi. \u00d6zellikle vatanda\u015flar\u0131n can ve mal g\u00fcvenli\u011fini tehdit eden durumlara kar\u015f\u0131 al\u0131nabilecek tedbirler g\u00f6r\u00fc\u015f\u00fcld\u00fc.<\/p>\n<p>Yaban domuzu pop\u00fclasyonunun kontrol alt\u0131na al\u0131nmas\u0131na y\u00f6nelik avlanma izinleri, tar\u0131msal alanlar\u0131n korunmas\u0131 i\u00e7in yeni uygulamalar, fark\u0131ndal\u0131k \u00e7al\u0131\u015fmalar\u0131 ve ilgili kurumlar aras\u0131 koordinasyon konular\u0131 ele al\u0131nd\u0131.<\/p>\n<p>Kaymakam \u0130brahim Keklik, toplant\u0131da yapt\u0131\u011f\u0131 de\u011ferlendirmede, &#8220;Kurumlar aras\u0131 i\u015f birli\u011fiyle hem do\u011fay\u0131 koruyacak hem de vatanda\u015flar\u0131m\u0131z\u0131n g\u00fcvenli\u011fini sa\u011flayacak ad\u0131mlar ataca\u011f\u0131z&#8221; dedi.<\/p>\n<p>Toplant\u0131 sonunda, tespit edilen sorunlara y\u00f6nelik k\u0131sa ve uzun vadeli \u00f6nlemler al\u0131nmas\u0131 ve s\u00fcrecin takip edilmesi kararla\u015ft\u0131r\u0131ld\u0131.<br \/><\/p>\n","protected":false},"excerpt":{"rendered":"<p>Ku\u015fadas\u0131\u2019nda son d\u00f6nemde artan yaban domuzu pop\u00fclasyonu nedeniyle ya\u015fanan sorunlar \u00fczerine, Kaymakam \u0130brahim Keklik ba\u015fkanl\u0131\u011f\u0131nda geni\u015f kat\u0131l\u0131ml\u0131 bir toplant\u0131 ger\u00e7ekle\u015ftirildi. Toplant\u0131ya ba\u015fta Kaymakam \u0130brahim Keklik, Ku\u015fadas\u0131 Belediye Ba\u015fkan\u0131 \u00d6mer G\u00fcnel olmak \u00fczere il\u00e7e protokol\u00fc kat\u0131ld\u0131. Toplant\u0131da, \u015fehir merkezine kadar inen ve tar\u0131m alanlar\u0131na zarar veren yaban domuzlar\u0131n\u0131n olu\u015fturdu\u011fu riskler de\u011ferlendirildi. \u00d6zellikle vatanda\u015flar\u0131n can ve mal&#8230;<\/p>\n","protected":false},"author":1,"featured_media":28576,"comment_status":"open","ping_status":"open","sticky":false,"template":"","format":"standard","meta":{"_crdt_document":"","footnotes":""},"categories":[1],"tags":[],"class_list":["post-28575","post","type-post","status-publish","format-standard","has-post-thumbnail","hentry","category-guncel"],"_links":{"self":[{"href":"https:\/\/www.egemtv.com\/index.php?rest_route=\/wp\/v2\/posts\/28575","targetHints":{"allow":["GET"]}}],"collection":[{"href":"https:\/\/www.egemtv.com\/index.php?rest_route=\/wp\/v2\/posts"}],"about":[{"href":"https:\/\/www.egemtv.com\/index.php?rest_route=\/wp\/v2\/types\/post"}],"author":[{"embeddable":true,"href":"https:\/\/www.egemtv.com\/index.php?rest_route=\/wp\/v2\/users\/1"}],"replies":[{"embeddable":true,"href":"https:\/\/www.egemtv.com\/index.php?rest_route=%2Fwp%2Fv2%2Fcomments&post=28575"}],"version-history":[{"count":1,"href":"https:\/\/www.egemtv.com\/index.php?rest_route=\/wp\/v2\/posts\/28575\/revisions"}],"predecessor-version":[{"id":28577,"href":"https:\/\/www.egemtv.com\/index.php?rest_route=\/wp\/v2\/posts\/28575\/revisions\/28577"}],"wp:featuredmedia":[{"embeddable":true,"href":"https:\/\/www.egemtv.com\/index.php?rest_route=\/wp\/v2\/media\/28576"}],"wp:attachment":[{"href":"https:\/\/www.egemtv.com\/index.php?rest_route=%2Fwp%2Fv2%2Fmedia&parent=28575"}],"wp:term":[{"taxonomy":"category","embeddable":true,"href":"https:\/\/www.egemtv.com\/index.php?rest_route=%2Fwp%2Fv2%2Fcategories&post=28575"},{"taxonomy":"post_tag","embeddable":true,"href":"https:\/\/www.egemtv.com\/index.php?rest_route=%2Fwp%2Fv2%2Ftags&post=28575"}],"curies":[{"name":"wp","href":"https:\/\/api.w.org\/{rel}","templated":true}]}}