{"id":28572,"date":"2025-05-14T09:36:21","date_gmt":"2025-05-14T06:36:21","guid":{"rendered":"https:\/\/www.egemtv.com\/?p=28572"},"modified":"2025-05-14T09:36:26","modified_gmt":"2025-05-14T06:36:26","slug":"manisada-obeziteyle-mucadele-programi-basladi","status":"publish","type":"post","link":"https:\/\/www.egemtv.com\/?p=28572","title":{"rendered":"Manisa\u2019da obeziteyle m\u00fccadele program\u0131 ba\u015flad\u0131"},"content":{"rendered":"<p>Sa\u011fl\u0131k Bakanl\u0131\u011f\u0131 taraf\u0131ndan \u00fclke genelinde ba\u015flat\u0131lan &#8220;Obezite ile M\u00fccadele Program\u0131&#8221; Manisa\u2019da hayata ge\u00e7irildi.<br \/>\n<br \/>&#8220;Obezite ile M\u00fccadele Program\u0131&#8221; kapsam\u0131nda \u00fclke genelinde 10 milyon vatanda\u015f\u0131n boy-kilo \u00f6l\u00e7\u00fcmleri yap\u0131larak v\u00fccut kitle indeksleri hesaplanacak. Manisa \u0130l Sa\u011fl\u0131k M\u00fcd\u00fcr\u00fc Uzm. Dr. Mehmet Fatih Zeren, kentte program\u0131n ba\u015flat\u0131ld\u0131\u011f\u0131n\u0131 ve \u00e7al\u0131\u015fmalar\u0131n t\u00fcm h\u0131z\u0131yla s\u00fcrd\u00fc\u011f\u00fcn\u00fc belirtti.<br \/>\n<br \/>\u0130l Sa\u011fl\u0131k M\u00fcd\u00fcr\u00fc Zeren yapt\u0131\u011f\u0131 a\u00e7\u0131klamada, &#8220;Bu programla, ilimizde fark\u0131ndal\u0131k olu\u015fturmay\u0131 ve fazla kilolu vatanda\u015flar\u0131m\u0131z\u0131 Sa\u011fl\u0131kl\u0131 Hayat Merkezlerimize y\u00f6nlendirerek diyetisyen deste\u011fiyle sa\u011fl\u0131kl\u0131 ya\u015fam s\u00fcrecine dahil etmeyi hedefliyoruz. Ayr\u0131ca saha e\u011fitimleriyle vatanda\u015flar\u0131m\u0131z\u0131 bilin\u00e7lendirmeyi, aile sa\u011fl\u0131\u011f\u0131 merkezleri arac\u0131l\u0131\u011f\u0131yla gerekli takipleri sa\u011flamay\u0131 ama\u00e7l\u0131yoruz&#8221; dedi.<br \/>\n<br \/>Obezitenin yaln\u0131zca estetik bir problem olmad\u0131\u011f\u0131n\u0131 vurgulayan Zeren, obezitenin kalp hastal\u0131klar\u0131, hipertansiyon, diyabet, eklem hastal\u0131klar\u0131, solunum problemleri ve baz\u0131 kanser t\u00fcrlerinin g\u00f6r\u00fclme riskini ciddi \u015fekilde art\u0131rd\u0131\u011f\u0131na dikkat \u00e7ekti.<br \/>\n<br \/>Zeren, program\u0131n sadece obeziteyi \u00f6nlemeye y\u00f6nelik olmad\u0131\u011f\u0131n\u0131, ayn\u0131 zamanda toplumun genel sa\u011fl\u0131k bilincini art\u0131rmay\u0131 hedefledi\u011fini ifade etti. Program s\u00fcresince Manisa genelindeki t\u00fcm il\u00e7elerde \u00f6l\u00e7\u00fcmler yap\u0131lacak ve fazla kilolu bireyler Sa\u011fl\u0131kl\u0131 Hayat Merkezlerine y\u00f6nlendirilerek uzman diyetisyenler taraf\u0131ndan takip edilecek.<br \/>\n<br \/>Manisa \u0130l Sa\u011fl\u0131k M\u00fcd\u00fcr\u00fc Zeren, vatanda\u015flar\u0131 sa\u011fl\u0131kl\u0131 ya\u015fam konusunda daha duyarl\u0131 olmaya ve programa aktif \u015fekilde kat\u0131lmaya davet ederken program\u0131n 2 ay boyunca devam edece\u011fini s\u00f6yledi.<br \/><\/p>\n","protected":false},"excerpt":{"rendered":"<p>Sa\u011fl\u0131k Bakanl\u0131\u011f\u0131 taraf\u0131ndan \u00fclke genelinde ba\u015flat\u0131lan &#8220;Obezite ile M\u00fccadele Program\u0131&#8221; Manisa\u2019da hayata ge\u00e7irildi. &#8220;Obezite ile M\u00fccadele Program\u0131&#8221; kapsam\u0131nda \u00fclke genelinde 10 milyon vatanda\u015f\u0131n boy-kilo \u00f6l\u00e7\u00fcmleri yap\u0131larak v\u00fccut kitle indeksleri hesaplanacak. Manisa \u0130l Sa\u011fl\u0131k M\u00fcd\u00fcr\u00fc Uzm. Dr. Mehmet Fatih Zeren, kentte program\u0131n ba\u015flat\u0131ld\u0131\u011f\u0131n\u0131 ve \u00e7al\u0131\u015fmalar\u0131n t\u00fcm h\u0131z\u0131yla s\u00fcrd\u00fc\u011f\u00fcn\u00fc belirtti. \u0130l Sa\u011fl\u0131k M\u00fcd\u00fcr\u00fc Zeren yapt\u0131\u011f\u0131 a\u00e7\u0131klamada, &#8220;Bu&#8230;<\/p>\n","protected":false},"author":1,"featured_media":28573,"comment_status":"open","ping_status":"open","sticky":false,"template":"","format":"standard","meta":{"_crdt_document":"","footnotes":""},"categories":[2],"tags":[],"class_list":["post-28572","post","type-post","status-publish","format-standard","has-post-thumbnail","hentry","category-saglik"],"_links":{"self":[{"href":"https:\/\/www.egemtv.com\/index.php?rest_route=\/wp\/v2\/posts\/28572","targetHints":{"allow":["GET"]}}],"collection":[{"href":"https:\/\/www.egemtv.com\/index.php?rest_route=\/wp\/v2\/posts"}],"about":[{"href":"https:\/\/www.egemtv.com\/index.php?rest_route=\/wp\/v2\/types\/post"}],"author":[{"embeddable":true,"href":"https:\/\/www.egemtv.com\/index.php?rest_route=\/wp\/v2\/users\/1"}],"replies":[{"embeddable":true,"href":"https:\/\/www.egemtv.com\/index.php?rest_route=%2Fwp%2Fv2%2Fcomments&post=28572"}],"version-history":[{"count":1,"href":"https:\/\/www.egemtv.com\/index.php?rest_route=\/wp\/v2\/posts\/28572\/revisions"}],"predecessor-version":[{"id":28574,"href":"https:\/\/www.egemtv.com\/index.php?rest_route=\/wp\/v2\/posts\/28572\/revisions\/28574"}],"wp:featuredmedia":[{"embeddable":true,"href":"https:\/\/www.egemtv.com\/index.php?rest_route=\/wp\/v2\/media\/28573"}],"wp:attachment":[{"href":"https:\/\/www.egemtv.com\/index.php?rest_route=%2Fwp%2Fv2%2Fmedia&parent=28572"}],"wp:term":[{"taxonomy":"category","embeddable":true,"href":"https:\/\/www.egemtv.com\/index.php?rest_route=%2Fwp%2Fv2%2Fcategories&post=28572"},{"taxonomy":"post_tag","embeddable":true,"href":"https:\/\/www.egemtv.com\/index.php?rest_route=%2Fwp%2Fv2%2Ftags&post=28572"}],"curies":[{"name":"wp","href":"https:\/\/api.w.org\/{rel}","templated":true}]}}