{"id":28566,"date":"2025-05-14T09:36:13","date_gmt":"2025-05-14T06:36:13","guid":{"rendered":"https:\/\/www.egemtv.com\/?p=28566"},"modified":"2025-05-14T09:36:16","modified_gmt":"2025-05-14T06:36:16","slug":"denizlide-yerel-paydaslara-iklim-uyum-egitimi-verildi","status":"publish","type":"post","link":"https:\/\/www.egemtv.com\/?p=28566","title":{"rendered":"Denizli\u2019de yerel payda\u015flara iklim uyum e\u011fitimi verildi"},"content":{"rendered":"<p>T\u00fcrkiye\u2019de iklim de\u011fi\u015fikli\u011fine uyum kapasitesini art\u0131rmay\u0131 hedefleyen proje kapsam\u0131nda Denizli\u2019de d\u00fczenlenen e\u011fitim program\u0131nda, sanayi, enerji ve su y\u00f6netimi sekt\u00f6rlerinden temsilciler bir araya geldi.<\/p>\n<p>T\u00fcrkiye Cumhuriyeti ve Avrupa Birli\u011fi taraf\u0131ndan ortak finanse edilen, Birle\u015fmi\u015f Milletler Kalk\u0131nma Program\u0131 (UNDP) teknik deste\u011fiyle y\u00fcr\u00fct\u00fclen &#8220;T\u00fcrkiye\u2019de \u0130klim De\u011fi\u015fikli\u011fine Uyum Eyleminin G\u00fc\u00e7lendirilmesi Projesi&#8221; \u00e7er\u00e7evesinde, Denizli\u2019de yerel payda\u015flara y\u00f6nelik kapsaml\u0131 bir e\u011fitim program\u0131 ger\u00e7ekle\u015ftirildi. Sanayi, enerji ve su kaynaklar\u0131 y\u00f6netimi gibi kritik sekt\u00f6rleri merkeze alan e\u011fitim 2 g\u00fcn boyunca d\u00fczenlenen farkl\u0131 oturumlarla ger\u00e7ekle\u015ftirildi. E\u011fitime kamu kurumlar\u0131, \u00fcniversiteler ve sivil toplum kurulu\u015flar\u0131ndan toplam 56 temsilci kat\u0131ld\u0131.<\/p>\n<p>Denizli \u0130l \u00c7evre, \u015eehircilik ve \u0130klim De\u011fi\u015fikli\u011fi M\u00fcd\u00fcr Yard\u0131mc\u0131s\u0131 Ramazan Damac\u0131, e\u011fitimin temel amac\u0131n\u0131n, yerel d\u00fczeyde iklim de\u011fi\u015fikli\u011fine uyum kapasitesinin g\u00fc\u00e7lendirilmesi ve sekt\u00f6r bazl\u0131 risk analizlerine dayal\u0131 \u00e7\u00f6z\u00fcm \u00f6nerileri oldu\u011funu s\u00f6yledi. Damac\u0131, &#8220;Denizli\u2019deki bu e\u011fitim, T\u00fcrkiye genelinde 20 ilde de yap\u0131lacak. Sekt\u00f6rler ve temsilcileri i\u00e7in \u00e7ok faydal\u0131 olan e\u011fitimde anlat\u0131lan konular ve verilen bilgiler iklim de\u011fi\u015fikli\u011fi ile ilgili konularda hepimize yeni fikirler ve kazan\u0131mlar sa\u011flayacak&#8221; dedi.<\/p>\n<p>E\u011fitimde UNDP Proje Y\u00f6neticisi Gizem Bal, \u0130klim De\u011fi\u015fikli\u011fi Ba\u015fkanl\u0131\u011f\u0131ndan Dr. \u00d6mer \u00d6zt\u00fcrk, iklim krizine kar\u015f\u0131 yerelde geli\u015ftirilecek politikalar\u0131n ve kurumsal i\u015f birliklerinin \u00f6nemine dikkat \u00e7ekti. Program\u0131n ilk g\u00fcn\u00fcnde Prof. Dr. Do\u011fan Dursun\u2019un iklim de\u011fi\u015fikli\u011finin etkileri ile etkililik ve risk analizlerine dair sunumlar\u0131 ilgiyle takip edildi. Ard\u0131ndan Prof. Dr. Ela Babal\u0131k, ula\u015ft\u0131rma sekt\u00f6r\u00fcn\u00fcn iklim de\u011fi\u015fikli\u011fine uyum perspektifini aktard\u0131. \u0130lk g\u00fcn, diren\u00e7li \u015fehirler ve ba\u015far\u0131l\u0131 uygulama \u00f6rneklerinin payla\u015f\u0131ld\u0131\u011f\u0131 oturumla sona erdi.<\/p>\n<p>\u0130kinci g\u00fcn ise sanayi, enerji ve su sekt\u00f6rlerine y\u00f6nelik grup \u00e7al\u0131\u015fmalar\u0131yla devam etti. Sanayi uzman\u0131 Ay\u015fe \u00d6zge Kepenek Bozk\u0131rl\u0131o\u011flu, enerji uzman\u0131 Prof. Dr. Levent Ayd\u0131n ve su uzman\u0131 Adnan Deniz \u00d6zdemir\u2019in sunumlar\u0131 e\u015fli\u011finde ger\u00e7ekle\u015ftirilen e\u011fitimlerde sekt\u00f6rlere \u00f6zg\u00fc riskleri analizi ve \u00e7\u00f6z\u00fcm \u00f6nerileri geli\u015ftirdi. Ortaya \u00e7\u0131kan bilgiler, ilerleyen s\u00fcre\u00e7te yerel eylem planlar\u0131na y\u00f6n vermesi amac\u0131yla kay\u0131t alt\u0131na al\u0131nd\u0131.<br \/><\/p>\n","protected":false},"excerpt":{"rendered":"<p>T\u00fcrkiye\u2019de iklim de\u011fi\u015fikli\u011fine uyum kapasitesini art\u0131rmay\u0131 hedefleyen proje kapsam\u0131nda Denizli\u2019de d\u00fczenlenen e\u011fitim program\u0131nda, sanayi, enerji ve su y\u00f6netimi sekt\u00f6rlerinden temsilciler bir araya geldi. T\u00fcrkiye Cumhuriyeti ve Avrupa Birli\u011fi taraf\u0131ndan ortak finanse edilen, Birle\u015fmi\u015f Milletler Kalk\u0131nma Program\u0131 (UNDP) teknik deste\u011fiyle y\u00fcr\u00fct\u00fclen &#8220;T\u00fcrkiye\u2019de \u0130klim De\u011fi\u015fikli\u011fine Uyum Eyleminin G\u00fc\u00e7lendirilmesi Projesi&#8221; \u00e7er\u00e7evesinde, Denizli\u2019de yerel payda\u015flara y\u00f6nelik kapsaml\u0131 bir e\u011fitim&#8230;<\/p>\n","protected":false},"author":1,"featured_media":28567,"comment_status":"open","ping_status":"open","sticky":false,"template":"","format":"standard","meta":{"_crdt_document":"","footnotes":""},"categories":[1],"tags":[],"class_list":["post-28566","post","type-post","status-publish","format-standard","has-post-thumbnail","hentry","category-guncel"],"_links":{"self":[{"href":"https:\/\/www.egemtv.com\/index.php?rest_route=\/wp\/v2\/posts\/28566","targetHints":{"allow":["GET"]}}],"collection":[{"href":"https:\/\/www.egemtv.com\/index.php?rest_route=\/wp\/v2\/posts"}],"about":[{"href":"https:\/\/www.egemtv.com\/index.php?rest_route=\/wp\/v2\/types\/post"}],"author":[{"embeddable":true,"href":"https:\/\/www.egemtv.com\/index.php?rest_route=\/wp\/v2\/users\/1"}],"replies":[{"embeddable":true,"href":"https:\/\/www.egemtv.com\/index.php?rest_route=%2Fwp%2Fv2%2Fcomments&post=28566"}],"version-history":[{"count":1,"href":"https:\/\/www.egemtv.com\/index.php?rest_route=\/wp\/v2\/posts\/28566\/revisions"}],"predecessor-version":[{"id":28568,"href":"https:\/\/www.egemtv.com\/index.php?rest_route=\/wp\/v2\/posts\/28566\/revisions\/28568"}],"wp:featuredmedia":[{"embeddable":true,"href":"https:\/\/www.egemtv.com\/index.php?rest_route=\/wp\/v2\/media\/28567"}],"wp:attachment":[{"href":"https:\/\/www.egemtv.com\/index.php?rest_route=%2Fwp%2Fv2%2Fmedia&parent=28566"}],"wp:term":[{"taxonomy":"category","embeddable":true,"href":"https:\/\/www.egemtv.com\/index.php?rest_route=%2Fwp%2Fv2%2Fcategories&post=28566"},{"taxonomy":"post_tag","embeddable":true,"href":"https:\/\/www.egemtv.com\/index.php?rest_route=%2Fwp%2Fv2%2Ftags&post=28566"}],"curies":[{"name":"wp","href":"https:\/\/api.w.org\/{rel}","templated":true}]}}