{"id":28563,"date":"2025-05-14T09:36:08","date_gmt":"2025-05-14T06:36:08","guid":{"rendered":"https:\/\/www.egemtv.com\/?p=28563"},"modified":"2025-05-14T09:36:13","modified_gmt":"2025-05-14T06:36:13","slug":"mentese-tokide-kaza-6-yarali","status":"publish","type":"post","link":"https:\/\/www.egemtv.com\/?p=28563","title":{"rendered":"Mente\u015fe TOK\u0130\u2019de kaza: 6 yaral\u0131"},"content":{"rendered":"<p>Mu\u011fla\u2019n\u0131n Mente\u015fe il\u00e7esinde sabah saatlerinde meydana gelen trafik kazas\u0131nda 6 ki\u015fi yaraland\u0131.<br \/>\n<br \/>Kaza, il\u00e7eye ba\u011fl\u0131 eski TOK\u0130 konutlar\u0131 b\u00f6lgesinde meydana geldi. G\u00f6rg\u00fc tan\u0131klar\u0131n\u0131n ifadelerine g\u00f6re, yolda y\u00fcr\u00fcyen iki \u00e7ocu\u011fu fark eden ara\u00e7 s\u00fcr\u00fcc\u00fcleri, \u00e7ocuklara \u00e7arpmamak i\u00e7in ani \u015fekilde direksiyon k\u0131rmas\u0131 sonucu iki ara\u00e7 \u00e7arp\u0131\u015ft\u0131.<br \/>\n<br \/>\u0130hbar \u00fczerine olay yerine \u00e7ok say\u0131da ambulans, polis ve itfaiye ekibi sevk edildi. Kazada yaralanan 6 ki\u015fi, sa\u011fl\u0131k ekiplerinin olay yerindeki ilk m\u00fcdahalesinin ard\u0131ndan hastaneye kald\u0131r\u0131ld\u0131. Yaral\u0131lar\u0131n hayati tehlikelerinin bulunmad\u0131\u011f\u0131 belirtildi.<br \/><\/p>\n","protected":false},"excerpt":{"rendered":"<p>Mu\u011fla\u2019n\u0131n Mente\u015fe il\u00e7esinde sabah saatlerinde meydana gelen trafik kazas\u0131nda 6 ki\u015fi yaraland\u0131. Kaza, il\u00e7eye ba\u011fl\u0131 eski TOK\u0130 konutlar\u0131 b\u00f6lgesinde meydana geldi. G\u00f6rg\u00fc tan\u0131klar\u0131n\u0131n ifadelerine g\u00f6re, yolda y\u00fcr\u00fcyen iki \u00e7ocu\u011fu fark eden ara\u00e7 s\u00fcr\u00fcc\u00fcleri, \u00e7ocuklara \u00e7arpmamak i\u00e7in ani \u015fekilde direksiyon k\u0131rmas\u0131 sonucu iki ara\u00e7 \u00e7arp\u0131\u015ft\u0131. \u0130hbar \u00fczerine olay yerine \u00e7ok say\u0131da ambulans, polis ve itfaiye ekibi&#8230;<\/p>\n","protected":false},"author":1,"featured_media":28564,"comment_status":"open","ping_status":"open","sticky":false,"template":"","format":"standard","meta":{"_crdt_document":"","footnotes":""},"categories":[5],"tags":[],"class_list":["post-28563","post","type-post","status-publish","format-standard","has-post-thumbnail","hentry","category-asayis"],"_links":{"self":[{"href":"https:\/\/www.egemtv.com\/index.php?rest_route=\/wp\/v2\/posts\/28563","targetHints":{"allow":["GET"]}}],"collection":[{"href":"https:\/\/www.egemtv.com\/index.php?rest_route=\/wp\/v2\/posts"}],"about":[{"href":"https:\/\/www.egemtv.com\/index.php?rest_route=\/wp\/v2\/types\/post"}],"author":[{"embeddable":true,"href":"https:\/\/www.egemtv.com\/index.php?rest_route=\/wp\/v2\/users\/1"}],"replies":[{"embeddable":true,"href":"https:\/\/www.egemtv.com\/index.php?rest_route=%2Fwp%2Fv2%2Fcomments&post=28563"}],"version-history":[{"count":1,"href":"https:\/\/www.egemtv.com\/index.php?rest_route=\/wp\/v2\/posts\/28563\/revisions"}],"predecessor-version":[{"id":28565,"href":"https:\/\/www.egemtv.com\/index.php?rest_route=\/wp\/v2\/posts\/28563\/revisions\/28565"}],"wp:featuredmedia":[{"embeddable":true,"href":"https:\/\/www.egemtv.com\/index.php?rest_route=\/wp\/v2\/media\/28564"}],"wp:attachment":[{"href":"https:\/\/www.egemtv.com\/index.php?rest_route=%2Fwp%2Fv2%2Fmedia&parent=28563"}],"wp:term":[{"taxonomy":"category","embeddable":true,"href":"https:\/\/www.egemtv.com\/index.php?rest_route=%2Fwp%2Fv2%2Fcategories&post=28563"},{"taxonomy":"post_tag","embeddable":true,"href":"https:\/\/www.egemtv.com\/index.php?rest_route=%2Fwp%2Fv2%2Ftags&post=28563"}],"curies":[{"name":"wp","href":"https:\/\/api.w.org\/{rel}","templated":true}]}}