{"id":28554,"date":"2025-05-14T09:15:24","date_gmt":"2025-05-14T06:15:24","guid":{"rendered":"https:\/\/www.egemtv.com\/?p=28554"},"modified":"2025-05-14T09:15:31","modified_gmt":"2025-05-14T06:15:31","slug":"izmirde-metal-dokum-atolyesinde-yangin","status":"publish","type":"post","link":"https:\/\/www.egemtv.com\/?p=28554","title":{"rendered":"\u0130zmir\u2019de metal d\u00f6k\u00fcm at\u00f6lyesinde yang\u0131n"},"content":{"rendered":"<p>\u0130zmir\u2019in Bornova il\u00e7esinde bir metal d\u00f6k\u00fcm at\u00f6lyesinde \u00e7\u0131kan yang\u0131n, itfaiye ekiplerinin m\u00fcdahalesi ile s\u00f6nd\u00fcr\u00fcld\u00fc.<br \/>\n<br \/>Yang\u0131n, d\u00fcn ak\u015fam saat 19.30 s\u0131ralar\u0131nda, Egemenlik Mahallesi D\u00f6k\u00fcmc\u00fcler Sitesi\u2019ndeki bir metal d\u00f6k\u00fcm at\u00f6lyesinde meydana geldi. At\u00f6lyede hen\u00fcz belirlenemeyen nedenle \u00e7\u0131kan yang\u0131n\u0131 fark eden \u00e7al\u0131\u015fanlar durumu 112 Acil \u00c7a\u011fr\u0131 Merkezine bildirdi. \u0130hbar \u00fczerine b\u00f6lgeye itfaiye ve sa\u011fl\u0131k ekibi sevk edildi. Ekiplerin m\u00fcdahalesiyle kontrol alt\u0131na al\u0131narak s\u00f6nd\u00fcr\u00fclen yang\u0131nda baz\u0131 \u00e7al\u0131\u015fanlar\u0131n dumandan etkilendikleri \u00f6\u011frenildi. Sa\u011fl\u0131k ekiplerince yap\u0131lan m\u00fcdahaleyle tedavi edilen \u00e7al\u0131\u015fanlar\u0131n durumlar\u0131n\u0131n iyi oldu\u011fu \u00f6\u011frenildi. \u0130\u015f yerinde maddi hasara yol a\u00e7an yang\u0131n\u0131 \u00e7\u0131k\u0131\u015f nedeni ara\u015ft\u0131r\u0131l\u0131yor.<br \/><\/p>\n","protected":false},"excerpt":{"rendered":"<p>\u0130zmir\u2019in Bornova il\u00e7esinde bir metal d\u00f6k\u00fcm at\u00f6lyesinde \u00e7\u0131kan yang\u0131n, itfaiye ekiplerinin m\u00fcdahalesi ile s\u00f6nd\u00fcr\u00fcld\u00fc. Yang\u0131n, d\u00fcn ak\u015fam saat 19.30 s\u0131ralar\u0131nda, Egemenlik Mahallesi D\u00f6k\u00fcmc\u00fcler Sitesi\u2019ndeki bir metal d\u00f6k\u00fcm at\u00f6lyesinde meydana geldi. At\u00f6lyede hen\u00fcz belirlenemeyen nedenle \u00e7\u0131kan yang\u0131n\u0131 fark eden \u00e7al\u0131\u015fanlar durumu 112 Acil \u00c7a\u011fr\u0131 Merkezine bildirdi. \u0130hbar \u00fczerine b\u00f6lgeye itfaiye ve sa\u011fl\u0131k ekibi sevk edildi. Ekiplerin&#8230;<\/p>\n","protected":false},"author":1,"featured_media":28555,"comment_status":"open","ping_status":"open","sticky":false,"template":"","format":"standard","meta":{"_crdt_document":"","footnotes":""},"categories":[5],"tags":[],"class_list":["post-28554","post","type-post","status-publish","format-standard","has-post-thumbnail","hentry","category-asayis"],"_links":{"self":[{"href":"https:\/\/www.egemtv.com\/index.php?rest_route=\/wp\/v2\/posts\/28554","targetHints":{"allow":["GET"]}}],"collection":[{"href":"https:\/\/www.egemtv.com\/index.php?rest_route=\/wp\/v2\/posts"}],"about":[{"href":"https:\/\/www.egemtv.com\/index.php?rest_route=\/wp\/v2\/types\/post"}],"author":[{"embeddable":true,"href":"https:\/\/www.egemtv.com\/index.php?rest_route=\/wp\/v2\/users\/1"}],"replies":[{"embeddable":true,"href":"https:\/\/www.egemtv.com\/index.php?rest_route=%2Fwp%2Fv2%2Fcomments&post=28554"}],"version-history":[{"count":1,"href":"https:\/\/www.egemtv.com\/index.php?rest_route=\/wp\/v2\/posts\/28554\/revisions"}],"predecessor-version":[{"id":28556,"href":"https:\/\/www.egemtv.com\/index.php?rest_route=\/wp\/v2\/posts\/28554\/revisions\/28556"}],"wp:featuredmedia":[{"embeddable":true,"href":"https:\/\/www.egemtv.com\/index.php?rest_route=\/wp\/v2\/media\/28555"}],"wp:attachment":[{"href":"https:\/\/www.egemtv.com\/index.php?rest_route=%2Fwp%2Fv2%2Fmedia&parent=28554"}],"wp:term":[{"taxonomy":"category","embeddable":true,"href":"https:\/\/www.egemtv.com\/index.php?rest_route=%2Fwp%2Fv2%2Fcategories&post=28554"},{"taxonomy":"post_tag","embeddable":true,"href":"https:\/\/www.egemtv.com\/index.php?rest_route=%2Fwp%2Fv2%2Ftags&post=28554"}],"curies":[{"name":"wp","href":"https:\/\/api.w.org\/{rel}","templated":true}]}}