{"id":28551,"date":"2025-05-14T08:54:42","date_gmt":"2025-05-14T05:54:42","guid":{"rendered":"https:\/\/www.egemtv.com\/?p=28551"},"modified":"2025-05-14T08:54:46","modified_gmt":"2025-05-14T05:54:46","slug":"coskun-sabah-manisa-guzel-sanatlar-lisesi-ogrencileriyle-bulustu","status":"publish","type":"post","link":"https:\/\/www.egemtv.com\/?p=28551","title":{"rendered":"Co\u015fkun Sabah, Manisa G\u00fczel Sanatlar Lisesi \u00f6\u011frencileriyle bulu\u015ftu"},"content":{"rendered":"<p>T\u00fcrk m\u00fczi\u011finin usta ismi, \u00fcnl\u00fc ud sanat\u00e7\u0131s\u0131 Co\u015fkun Sabah, Manisa G\u00fczel Sanatlar Lisesi\u2019nde \u00f6\u011frencilerle bir araya gelerek kariyer yolculu\u011funu, ud sanat\u0131n\u0131n inceliklerini ve m\u00fczi\u011fin gen\u00e7ler \u00fczerindeki etkilerini payla\u015ft\u0131.<br \/>\n<br \/>Manisa G\u00fczel Sanatlar Lisesi \u00fcnl\u00fc isimleri a\u011f\u0131rlamaya devam ediyor. \u00dcnl\u00fc ud sanat\u00e7\u0131s\u0131 Co\u015fkun Sabah Manisa G\u00fczel Sanatlar Lisesi \u00f6\u011frencileri ile sanat dolu bir s\u00f6yle\u015fide bir araya geldi.<br \/>\n<br \/>Etkinlik boyunca \u00f6\u011frenciler, Co\u015fkun Sabah\u2019\u0131n y\u0131llara dayanan birikiminden faydalanma f\u0131rsat\u0131 buldu. Sanat\u00e7\u0131n\u0131n anlatt\u0131klar\u0131, gen\u00e7 m\u00fczisyen adaylar\u0131na hem ilham kayna\u011f\u0131 oldu hem de mesleki anlamda \u00f6nemli kazan\u0131mlar sundu.<br \/>\n<br \/>Program\u0131n ard\u0131ndan, Manisa G\u00fczel Sanatlar Lisesi ud \u00f6\u011fretmeni Selehaddin Abidin ve Okul M\u00fcd\u00fcr\u00fc Samet G\u00fclery\u00fcz, Manisa \u0130l Milli E\u011fitim M\u00fcd\u00fcr\u00fc Mehmet U\u011furelli\u2019yi makam\u0131nda ziyaret etti. Ger\u00e7ekle\u015ftirilen g\u00f6r\u00fc\u015fmede, sanat e\u011fitiminin \u00f6nemi ve \u00f6\u011frencilere y\u00f6nelik gelecekte yap\u0131labilecek projeler \u00fczerine fikir al\u0131\u015fveri\u015finde bulunuldu.<br \/>\n<br \/>Etkinlik hakk\u0131nda de\u011ferlendirmede bulunan Okul M\u00fcd\u00fcr\u00fc Samet G\u00fclery\u00fcz, &#8220;Sanat\u00e7\u0131lar\u0131m\u0131z\u0131n tecr\u00fcbelerini \u00f6\u011frencilerimizle payla\u015fmas\u0131, gen\u00e7 yeteneklerimizin ilham almas\u0131 a\u00e7\u0131s\u0131ndan \u00e7ok k\u0131ymetli. Manisa G\u00fczel Sanatlar Lisesi olarak, sanat\u0131 ya\u015fatan ve gen\u00e7lere aktaran bu t\u00fcr bulu\u015fmalar\u0131 s\u00fcrd\u00fcrmeye kararl\u0131y\u0131z.&#8221; dedi.<br \/><\/p>\n","protected":false},"excerpt":{"rendered":"<p>T\u00fcrk m\u00fczi\u011finin usta ismi, \u00fcnl\u00fc ud sanat\u00e7\u0131s\u0131 Co\u015fkun Sabah, Manisa G\u00fczel Sanatlar Lisesi\u2019nde \u00f6\u011frencilerle bir araya gelerek kariyer yolculu\u011funu, ud sanat\u0131n\u0131n inceliklerini ve m\u00fczi\u011fin gen\u00e7ler \u00fczerindeki etkilerini payla\u015ft\u0131. Manisa G\u00fczel Sanatlar Lisesi \u00fcnl\u00fc isimleri a\u011f\u0131rlamaya devam ediyor. \u00dcnl\u00fc ud sanat\u00e7\u0131s\u0131 Co\u015fkun Sabah Manisa G\u00fczel Sanatlar Lisesi \u00f6\u011frencileri ile sanat dolu bir s\u00f6yle\u015fide bir araya geldi&#8230;.<\/p>\n","protected":false},"author":1,"featured_media":28552,"comment_status":"open","ping_status":"open","sticky":false,"template":"","format":"standard","meta":{"_crdt_document":"","footnotes":""},"categories":[1],"tags":[],"class_list":["post-28551","post","type-post","status-publish","format-standard","has-post-thumbnail","hentry","category-guncel"],"_links":{"self":[{"href":"https:\/\/www.egemtv.com\/index.php?rest_route=\/wp\/v2\/posts\/28551","targetHints":{"allow":["GET"]}}],"collection":[{"href":"https:\/\/www.egemtv.com\/index.php?rest_route=\/wp\/v2\/posts"}],"about":[{"href":"https:\/\/www.egemtv.com\/index.php?rest_route=\/wp\/v2\/types\/post"}],"author":[{"embeddable":true,"href":"https:\/\/www.egemtv.com\/index.php?rest_route=\/wp\/v2\/users\/1"}],"replies":[{"embeddable":true,"href":"https:\/\/www.egemtv.com\/index.php?rest_route=%2Fwp%2Fv2%2Fcomments&post=28551"}],"version-history":[{"count":1,"href":"https:\/\/www.egemtv.com\/index.php?rest_route=\/wp\/v2\/posts\/28551\/revisions"}],"predecessor-version":[{"id":28553,"href":"https:\/\/www.egemtv.com\/index.php?rest_route=\/wp\/v2\/posts\/28551\/revisions\/28553"}],"wp:featuredmedia":[{"embeddable":true,"href":"https:\/\/www.egemtv.com\/index.php?rest_route=\/wp\/v2\/media\/28552"}],"wp:attachment":[{"href":"https:\/\/www.egemtv.com\/index.php?rest_route=%2Fwp%2Fv2%2Fmedia&parent=28551"}],"wp:term":[{"taxonomy":"category","embeddable":true,"href":"https:\/\/www.egemtv.com\/index.php?rest_route=%2Fwp%2Fv2%2Fcategories&post=28551"},{"taxonomy":"post_tag","embeddable":true,"href":"https:\/\/www.egemtv.com\/index.php?rest_route=%2Fwp%2Fv2%2Ftags&post=28551"}],"curies":[{"name":"wp","href":"https:\/\/api.w.org\/{rel}","templated":true}]}}